{"id":4259,"date":"2016-05-17T07:45:27","date_gmt":"2016-05-17T06:45:27","guid":{"rendered":"http:\/\/perlagesuite.com\/?p=4259"},"modified":"2020-10-15T11:36:52","modified_gmt":"2020-10-15T10:36:52","slug":"un-arcobaleno-di-bellezza-sul-lago-d-iseo-contemplato-con-un-sauternes","status":"publish","type":"post","link":"http:\/\/perlagesuite.com\/en\/un-arcobaleno-di-bellezza-sul-lago-d-iseo-contemplato-con-un-sauternes\/","title":{"rendered":"A rainbow of beauty on Lake Iseo contemplated with a Sauternes"},"content":{"rendered":"<p style=\"text-align: justify;\">This morning I woke up at dawn... after a very restless night's sleep, I got out of bed at 6 a.m. The beauty of my job is definitely that I can manage my schedule in total autonomy, but I must say that getting up so early has its advantages because you have the whole day ahead of you... and then seeing the sunrise over the lake is really wonderful! (See the photo on the cover... without filters!) Another good thing is that at that hour I can spend an hour on the phone with Marco, because he lives in Perth, Australia, and there are 6 or 7 hours of time difference! Anyway, it's now 8 o'clock and Paco is still in bed!<\/p>\n<p style=\"text-align: justify;\">I wanted to go out for a bike ride since I want to get into this healthy morning habit, but I remembered that the owners of the house are renovating the solarium and today they are removing the roof and I can't get to the box... just as well, I'm looking forward to sunbathing on the terrace by the lake \ud83d\ude09<\/p>\n<p style=\"text-align: justify;\"><img loading=\"lazy\" decoding=\"async\" class=\"aligncenter size-full wp-image-4262\" src=\"http:\/\/perlagesuite.com\/wp-content\/uploads\/2016\/05\/lovere-arcobaleno-tramonto-lago-iseo.jpg\" alt=\"lovere-arcobaleno-tramonto-lago-iseo\" width=\"1200\" height=\"1200\" srcset=\"https:\/\/perlagesuite.com\/wp-content\/uploads\/2016\/05\/lovere-arcobaleno-tramonto-lago-iseo.jpg 1080w, https:\/\/perlagesuite.com\/wp-content\/uploads\/2016\/05\/lovere-arcobaleno-tramonto-lago-iseo-400x400.jpg 400w, https:\/\/perlagesuite.com\/wp-content\/uploads\/2016\/05\/lovere-arcobaleno-tramonto-lago-iseo-100x100.jpg 100w, https:\/\/perlagesuite.com\/wp-content\/uploads\/2016\/05\/lovere-arcobaleno-tramonto-lago-iseo-600x600.jpg 600w, https:\/\/perlagesuite.com\/wp-content\/uploads\/2016\/05\/lovere-arcobaleno-tramonto-lago-iseo-150x150.jpg 150w, https:\/\/perlagesuite.com\/wp-content\/uploads\/2016\/05\/lovere-arcobaleno-tramonto-lago-iseo-300x300.jpg 300w, https:\/\/perlagesuite.com\/wp-content\/uploads\/2016\/05\/lovere-arcobaleno-tramonto-lago-iseo-768x768.jpg 768w, https:\/\/perlagesuite.com\/wp-content\/uploads\/2016\/05\/lovere-arcobaleno-tramonto-lago-iseo-1024x1024.jpg 1024w, https:\/\/perlagesuite.com\/wp-content\/uploads\/2016\/05\/lovere-arcobaleno-tramonto-lago-iseo-610x610.jpg 610w\" sizes=\"(max-width: 1200px) 100vw, 1200px\" \/><\/p>\n<p style=\"text-align: justify;\">Nature is truly wonderful: two evenings ago, after a few drops of rain, it treated me to a unique colour spectacle: two amazing rainbows that I admired while drinking a glass of Sauternes\u00a0<strong>Ch\u00e2teau de Rayne Vigneau 2006<\/strong>... wonderful! My weakness for mouldy wines is well known, but I must say that this one with a blue cheese is something sublime! Too bad I didn't have that type of cheese at home to go with it... but I fell back on a donkey cacciatorino which I bought at Polastri's 2 days later, and I must say it was a truly amazing combination! (Instead with the rainbow it was paired with an excellent fontina... I was in Aosta for work last week with Alessandro and we took advantage of it!) By the way, have you already seen the latest website I made\u00a0<a href=\"http:\/\/tastevie.com\"><strong>TASTEvie.com<\/strong><\/a>? Do you like it?<\/p>\n<p style=\"text-align: justify;\">The donkey meat is dark in colour and very sweet, with a marked aromatic note thanks to the spices with which it is seasoned and very persistent. Honestly, it has little to do with the flavour of the more industrial and common salami, and with this type of wine, in my opinion, it goes perfectly. Definitely an unusual pairing with Sauternes, which is preferred with cheeses (I also love it with prawns if served at around 8\u00b0), but a must try!<\/p>\n<p style=\"text-align: justify;\"><img loading=\"lazy\" decoding=\"async\" class=\"aligncenter size-full wp-image-4261\" src=\"http:\/\/perlagesuite.com\/wp-content\/uploads\/2016\/05\/sauternes-chateau-de-rayne-vigneau-abbinamento.jpg\" alt=\"sauternes-chateau-de-rayne-vigneau-abbinamento\" width=\"1000\" height=\"1000\" srcset=\"https:\/\/perlagesuite.com\/wp-content\/uploads\/2016\/05\/sauternes-chateau-de-rayne-vigneau-abbinamento.jpg 1000w, https:\/\/perlagesuite.com\/wp-content\/uploads\/2016\/05\/sauternes-chateau-de-rayne-vigneau-abbinamento-400x400.jpg 400w, https:\/\/perlagesuite.com\/wp-content\/uploads\/2016\/05\/sauternes-chateau-de-rayne-vigneau-abbinamento-100x100.jpg 100w, https:\/\/perlagesuite.com\/wp-content\/uploads\/2016\/05\/sauternes-chateau-de-rayne-vigneau-abbinamento-600x600.jpg 600w, https:\/\/perlagesuite.com\/wp-content\/uploads\/2016\/05\/sauternes-chateau-de-rayne-vigneau-abbinamento-150x150.jpg 150w, https:\/\/perlagesuite.com\/wp-content\/uploads\/2016\/05\/sauternes-chateau-de-rayne-vigneau-abbinamento-300x300.jpg 300w, https:\/\/perlagesuite.com\/wp-content\/uploads\/2016\/05\/sauternes-chateau-de-rayne-vigneau-abbinamento-768x768.jpg 768w, https:\/\/perlagesuite.com\/wp-content\/uploads\/2016\/05\/sauternes-chateau-de-rayne-vigneau-abbinamento-610x610.jpg 610w\" sizes=\"(max-width: 1000px) 100vw, 1000px\" \/><\/p>\n<p style=\"text-align: justify;\">This Sauternes is a blend of S\u00e9millon (80%) and Sauvignon Blanc (20%) grapes and comes from vineyards over 30 years old. The soils of this area are as precious to the vine as they are to man: calcareous clay, with sand and gravel, they are rich in amethysts, agates, onyx and sapphires. The grapes are attacked by the <a href=\"http:\/\/perlagesuite.com\/en\/project\/vini-passiti\/\"><strong>Botrytis Cinerea, the noble mould<\/strong><\/a>which contributes to the concentration of sugars and the particular notes of the olfactory bouquet.<\/p>\n<p style=\"text-align: justify;\">Brilliant deep golden yellow with amber hues, the nose has spicy notes of vanilla, saffron, acacia, lemon marmalade and apricot. In the mouth, it is velvety and persistent, perhaps a little unctuous, with citrus hints tempered by honey and a touch of banana. It can be defined as a new generation Sauternes, which is 'only' 18 months in barrique and this certainly increases its freshness and longevity.<\/p>\n<p style=\"text-align: justify;\">What can I say... if you need to meditate on your life and you need sweetness this combination is a delicious pampering. And if, like me, you can enjoy it by the lake, while taking a break from work that fulfils you and makes you happy, you are the luckiest person in the world. Regardless of how many bad things can happen to you in life... those who really love you will never abandon you.<\/p>\n<p style=\"text-align: justify;\">See you soon,<\/p>\n<p style=\"text-align: justify;\">Chiara<\/p>","protected":false},"excerpt":{"rendered":"<p>Stamattina sveglia all&#8217;alba&#8230; dopo una notte di sonno molto agitato, mi sono alzata dal letto alle 6. La bellezza del mio lavoro \u00e8 sicuramente che posso gestirmi gli orari in totale autonomia, ma devo dire che alzarsi cos\u00ec presto ha i suoi vantaggi perch\u00e9 hai l&#8217;intera giornata davanti&#8230; e poi vedere l&#8217;alba sul lago \u00e8 [&hellip;]<\/p>\n","protected":false},"author":49,"featured_media":4265,"comment_status":"open","ping_status":"open","sticky":false,"template":"","format":"standard","meta":{"_et_pb_use_builder":"","_et_pb_old_content":"","_et_gb_content_width":"","footnotes":""},"categories":[499],"tags":[],"class_list":["post-4259","post","type-post","status-publish","format-standard","has-post-thumbnail","hentry","category-grand-tour"],"yoast_head":"<!-- This site is optimized with the Yoast SEO Premium plugin v27.0 (Yoast SEO v27.4) - https:\/\/yoast.com\/product\/yoast-seo-premium-wordpress\/ -->\n<title>Un arcobaleno di bellezza sul lago d&#039;Iseo contemplato con un Sauternes - Perlage Suite<\/title>\n<meta name=\"robots\" content=\"index, follow, max-snippet:-1, max-image-preview:large, max-video-preview:-1\" \/>\n<link rel=\"canonical\" href=\"https:\/\/perlagesuite.com\/en\/un-arcobaleno-di-bellezza-sul-lago-d-iseo-contemplato-con-un-sauternes\/\" \/>\n<meta property=\"og:locale\" content=\"en_GB\" \/>\n<meta property=\"og:type\" content=\"article\" \/>\n<meta property=\"og:title\" content=\"Un arcobaleno di bellezza sul lago d&#039;Iseo contemplato con un Sauternes\" \/>\n<meta property=\"og:description\" content=\"Stamattina sveglia all&#8217;alba&#8230; dopo una notte di sonno molto agitato, mi sono alzata dal letto alle 6. La bellezza del mio lavoro \u00e8 sicuramente che posso gestirmi gli orari in totale autonomia, ma devo dire che alzarsi cos\u00ec presto ha i suoi vantaggi perch\u00e9 hai l&#8217;intera giornata davanti&#8230; e poi vedere l&#8217;alba sul lago \u00e8 [&hellip;]\" \/>\n<meta property=\"og:url\" content=\"https:\/\/perlagesuite.com\/en\/un-arcobaleno-di-bellezza-sul-lago-d-iseo-contemplato-con-un-sauternes\/\" \/>\n<meta property=\"og:site_name\" content=\"Perlage Suite\" \/>\n<meta property=\"article:publisher\" content=\"https:\/\/www.facebook.com\/chiarabassiperlagesuite\" \/>\n<meta property=\"article:published_time\" content=\"2016-05-17T06:45:27+00:00\" \/>\n<meta property=\"article:modified_time\" content=\"2020-10-15T10:36:52+00:00\" \/>\n<meta property=\"og:image\" content=\"https:\/\/perlagesuite.com\/wp-content\/uploads\/2016\/05\/alba-castro-lovere-lago-iseo.jpg\" \/>\n\t<meta property=\"og:image:width\" content=\"1080\" \/>\n\t<meta property=\"og:image:height\" content=\"720\" \/>\n\t<meta property=\"og:image:type\" content=\"image\/jpeg\" \/>\n<meta name=\"author\" content=\"Chiara Bassi\" \/>\n<meta name=\"twitter:card\" content=\"summary_large_image\" \/>\n<meta name=\"twitter:creator\" content=\"@perlagesuite\" \/>\n<meta name=\"twitter:site\" content=\"@perlagesuite\" \/>\n<meta name=\"twitter:label1\" content=\"Written by\" \/>\n\t<meta name=\"twitter:data1\" content=\"Chiara Bassi\" \/>\n\t<meta name=\"twitter:label2\" content=\"Estimated reading time\" \/>\n\t<meta name=\"twitter:data2\" content=\"3 minutes\" \/>\n<script type=\"application\/ld+json\" class=\"yoast-schema-graph\">{\"@context\":\"https:\\\/\\\/schema.org\",\"@graph\":[{\"@type\":\"Article\",\"@id\":\"https:\\\/\\\/perlagesuite.com\\\/un-arcobaleno-di-bellezza-sul-lago-d-iseo-contemplato-con-un-sauternes\\\/#article\",\"isPartOf\":{\"@id\":\"https:\\\/\\\/perlagesuite.com\\\/un-arcobaleno-di-bellezza-sul-lago-d-iseo-contemplato-con-un-sauternes\\\/\"},\"author\":{\"name\":\"Chiara Bassi\",\"@id\":\"https:\\\/\\\/perlagesuite.com\\\/#\\\/schema\\\/person\\\/81b257517a1007c1a823318ac86c6013\"},\"headline\":\"Un arcobaleno di bellezza sul lago d&#8217;Iseo contemplato con un Sauternes\",\"datePublished\":\"2016-05-17T06:45:27+00:00\",\"dateModified\":\"2020-10-15T10:36:52+00:00\",\"mainEntityOfPage\":{\"@id\":\"https:\\\/\\\/perlagesuite.com\\\/un-arcobaleno-di-bellezza-sul-lago-d-iseo-contemplato-con-un-sauternes\\\/\"},\"wordCount\":595,\"commentCount\":0,\"publisher\":{\"@id\":\"https:\\\/\\\/perlagesuite.com\\\/#organization\"},\"image\":{\"@id\":\"https:\\\/\\\/perlagesuite.com\\\/un-arcobaleno-di-bellezza-sul-lago-d-iseo-contemplato-con-un-sauternes\\\/#primaryimage\"},\"thumbnailUrl\":\"https:\\\/\\\/perlagesuite.com\\\/wp-content\\\/uploads\\\/2016\\\/05\\\/alba-castro-lovere-lago-iseo.jpg\",\"articleSection\":[\"Grand Tour\"],\"inLanguage\":\"en-GB\",\"potentialAction\":[{\"@type\":\"CommentAction\",\"name\":\"Comment\",\"target\":[\"https:\\\/\\\/perlagesuite.com\\\/un-arcobaleno-di-bellezza-sul-lago-d-iseo-contemplato-con-un-sauternes\\\/#respond\"]}]},{\"@type\":\"WebPage\",\"@id\":\"https:\\\/\\\/perlagesuite.com\\\/un-arcobaleno-di-bellezza-sul-lago-d-iseo-contemplato-con-un-sauternes\\\/\",\"url\":\"https:\\\/\\\/perlagesuite.com\\\/un-arcobaleno-di-bellezza-sul-lago-d-iseo-contemplato-con-un-sauternes\\\/\",\"name\":\"Un arcobaleno di bellezza sul lago d'Iseo contemplato con un Sauternes - Perlage Suite\",\"isPartOf\":{\"@id\":\"https:\\\/\\\/perlagesuite.com\\\/#website\"},\"primaryImageOfPage\":{\"@id\":\"https:\\\/\\\/perlagesuite.com\\\/un-arcobaleno-di-bellezza-sul-lago-d-iseo-contemplato-con-un-sauternes\\\/#primaryimage\"},\"image\":{\"@id\":\"https:\\\/\\\/perlagesuite.com\\\/un-arcobaleno-di-bellezza-sul-lago-d-iseo-contemplato-con-un-sauternes\\\/#primaryimage\"},\"thumbnailUrl\":\"https:\\\/\\\/perlagesuite.com\\\/wp-content\\\/uploads\\\/2016\\\/05\\\/alba-castro-lovere-lago-iseo.jpg\",\"datePublished\":\"2016-05-17T06:45:27+00:00\",\"dateModified\":\"2020-10-15T10:36:52+00:00\",\"breadcrumb\":{\"@id\":\"https:\\\/\\\/perlagesuite.com\\\/un-arcobaleno-di-bellezza-sul-lago-d-iseo-contemplato-con-un-sauternes\\\/#breadcrumb\"},\"inLanguage\":\"en-GB\",\"potentialAction\":[{\"@type\":\"ReadAction\",\"target\":[\"https:\\\/\\\/perlagesuite.com\\\/un-arcobaleno-di-bellezza-sul-lago-d-iseo-contemplato-con-un-sauternes\\\/\"]}]},{\"@type\":\"ImageObject\",\"inLanguage\":\"en-GB\",\"@id\":\"https:\\\/\\\/perlagesuite.com\\\/un-arcobaleno-di-bellezza-sul-lago-d-iseo-contemplato-con-un-sauternes\\\/#primaryimage\",\"url\":\"https:\\\/\\\/perlagesuite.com\\\/wp-content\\\/uploads\\\/2016\\\/05\\\/alba-castro-lovere-lago-iseo.jpg\",\"contentUrl\":\"https:\\\/\\\/perlagesuite.com\\\/wp-content\\\/uploads\\\/2016\\\/05\\\/alba-castro-lovere-lago-iseo.jpg\",\"width\":1080,\"height\":720},{\"@type\":\"BreadcrumbList\",\"@id\":\"https:\\\/\\\/perlagesuite.com\\\/un-arcobaleno-di-bellezza-sul-lago-d-iseo-contemplato-con-un-sauternes\\\/#breadcrumb\",\"itemListElement\":[{\"@type\":\"ListItem\",\"position\":1,\"name\":\"Home\",\"item\":\"https:\\\/\\\/perlagesuite.com\\\/\"},{\"@type\":\"ListItem\",\"position\":2,\"name\":\"Un arcobaleno di bellezza sul lago d&#8217;Iseo contemplato con un Sauternes\"}]},{\"@type\":\"WebSite\",\"@id\":\"https:\\\/\\\/perlagesuite.com\\\/#website\",\"url\":\"https:\\\/\\\/perlagesuite.com\\\/\",\"name\":\"Perlage Suite\",\"description\":\"Il Wine Blog di Chiara Bassi\",\"publisher\":{\"@id\":\"https:\\\/\\\/perlagesuite.com\\\/#organization\"},\"potentialAction\":[{\"@type\":\"SearchAction\",\"target\":{\"@type\":\"EntryPoint\",\"urlTemplate\":\"https:\\\/\\\/perlagesuite.com\\\/?s={search_term_string}\"},\"query-input\":{\"@type\":\"PropertyValueSpecification\",\"valueRequired\":true,\"valueName\":\"search_term_string\"}}],\"inLanguage\":\"en-GB\"},{\"@type\":\"Organization\",\"@id\":\"https:\\\/\\\/perlagesuite.com\\\/#organization\",\"name\":\"Chiara Bassi\",\"url\":\"https:\\\/\\\/perlagesuite.com\\\/\",\"logo\":{\"@type\":\"ImageObject\",\"inLanguage\":\"en-GB\",\"@id\":\"https:\\\/\\\/perlagesuite.com\\\/#\\\/schema\\\/logo\\\/image\\\/\",\"url\":\"https:\\\/\\\/perlagesuite.com\\\/wp-content\\\/uploads\\\/2022\\\/03\\\/Chiara-Bassi-sommelier-wine-blogger-logo.png\",\"contentUrl\":\"https:\\\/\\\/perlagesuite.com\\\/wp-content\\\/uploads\\\/2022\\\/03\\\/Chiara-Bassi-sommelier-wine-blogger-logo.png\",\"width\":512,\"height\":512,\"caption\":\"Chiara Bassi\"},\"image\":{\"@id\":\"https:\\\/\\\/perlagesuite.com\\\/#\\\/schema\\\/logo\\\/image\\\/\"},\"sameAs\":[\"https:\\\/\\\/www.facebook.com\\\/chiarabassiperlagesuite\",\"https:\\\/\\\/x.com\\\/perlagesuite\",\"https:\\\/\\\/www.instagram.com\\\/perlagesuite\\\/\"]},{\"@type\":\"Person\",\"@id\":\"https:\\\/\\\/perlagesuite.com\\\/#\\\/schema\\\/person\\\/81b257517a1007c1a823318ac86c6013\",\"name\":\"Chiara Bassi\",\"image\":{\"@type\":\"ImageObject\",\"inLanguage\":\"en-GB\",\"@id\":\"https:\\\/\\\/secure.gravatar.com\\\/avatar\\\/2d79bd9bb4582f8af9b4c76c8e21c46c1d0c1cde8dc9dc57cf739c0d296754d2?s=96&d=mm&r=g\",\"url\":\"https:\\\/\\\/secure.gravatar.com\\\/avatar\\\/2d79bd9bb4582f8af9b4c76c8e21c46c1d0c1cde8dc9dc57cf739c0d296754d2?s=96&d=mm&r=g\",\"contentUrl\":\"https:\\\/\\\/secure.gravatar.com\\\/avatar\\\/2d79bd9bb4582f8af9b4c76c8e21c46c1d0c1cde8dc9dc57cf739c0d296754d2?s=96&d=mm&r=g\",\"caption\":\"Chiara Bassi\"},\"sameAs\":[\"https:\\\/\\\/perlagesuite.com\"]}]}<\/script>\n<!-- \/ Yoast SEO Premium plugin. -->","yoast_head_json":{"title":"A rainbow of beauty on Lake Iseo contemplated with a Sauternes - Perlage Suite","robots":{"index":"index","follow":"follow","max-snippet":"max-snippet:-1","max-image-preview":"max-image-preview:large","max-video-preview":"max-video-preview:-1"},"canonical":"https:\/\/perlagesuite.com\/en\/un-arcobaleno-di-bellezza-sul-lago-d-iseo-contemplato-con-un-sauternes\/","og_locale":"en_GB","og_type":"article","og_title":"Un arcobaleno di bellezza sul lago d'Iseo contemplato con un Sauternes","og_description":"Stamattina sveglia all&#8217;alba&#8230; dopo una notte di sonno molto agitato, mi sono alzata dal letto alle 6. La bellezza del mio lavoro \u00e8 sicuramente che posso gestirmi gli orari in totale autonomia, ma devo dire che alzarsi cos\u00ec presto ha i suoi vantaggi perch\u00e9 hai l&#8217;intera giornata davanti&#8230; e poi vedere l&#8217;alba sul lago \u00e8 [&hellip;]","og_url":"https:\/\/perlagesuite.com\/en\/un-arcobaleno-di-bellezza-sul-lago-d-iseo-contemplato-con-un-sauternes\/","og_site_name":"Perlage Suite","article_publisher":"https:\/\/www.facebook.com\/chiarabassiperlagesuite","article_published_time":"2016-05-17T06:45:27+00:00","article_modified_time":"2020-10-15T10:36:52+00:00","og_image":[{"width":1080,"height":720,"url":"https:\/\/perlagesuite.com\/wp-content\/uploads\/2016\/05\/alba-castro-lovere-lago-iseo.jpg","type":"image\/jpeg"}],"author":"Chiara Bassi","twitter_card":"summary_large_image","twitter_creator":"@perlagesuite","twitter_site":"@perlagesuite","twitter_misc":{"Written by":"Chiara Bassi","Estimated reading time":"3 minutes"},"schema":{"@context":"https:\/\/schema.org","@graph":[{"@type":"Article","@id":"https:\/\/perlagesuite.com\/un-arcobaleno-di-bellezza-sul-lago-d-iseo-contemplato-con-un-sauternes\/#article","isPartOf":{"@id":"https:\/\/perlagesuite.com\/un-arcobaleno-di-bellezza-sul-lago-d-iseo-contemplato-con-un-sauternes\/"},"author":{"name":"Chiara Bassi","@id":"https:\/\/perlagesuite.com\/#\/schema\/person\/81b257517a1007c1a823318ac86c6013"},"headline":"Un arcobaleno di bellezza sul lago d&#8217;Iseo contemplato con un Sauternes","datePublished":"2016-05-17T06:45:27+00:00","dateModified":"2020-10-15T10:36:52+00:00","mainEntityOfPage":{"@id":"https:\/\/perlagesuite.com\/un-arcobaleno-di-bellezza-sul-lago-d-iseo-contemplato-con-un-sauternes\/"},"wordCount":595,"commentCount":0,"publisher":{"@id":"https:\/\/perlagesuite.com\/#organization"},"image":{"@id":"https:\/\/perlagesuite.com\/un-arcobaleno-di-bellezza-sul-lago-d-iseo-contemplato-con-un-sauternes\/#primaryimage"},"thumbnailUrl":"https:\/\/perlagesuite.com\/wp-content\/uploads\/2016\/05\/alba-castro-lovere-lago-iseo.jpg","articleSection":["Grand Tour"],"inLanguage":"en-GB","potentialAction":[{"@type":"CommentAction","name":"Comment","target":["https:\/\/perlagesuite.com\/un-arcobaleno-di-bellezza-sul-lago-d-iseo-contemplato-con-un-sauternes\/#respond"]}]},{"@type":"WebPage","@id":"https:\/\/perlagesuite.com\/un-arcobaleno-di-bellezza-sul-lago-d-iseo-contemplato-con-un-sauternes\/","url":"https:\/\/perlagesuite.com\/un-arcobaleno-di-bellezza-sul-lago-d-iseo-contemplato-con-un-sauternes\/","name":"A rainbow of beauty on Lake Iseo contemplated with a Sauternes - Perlage Suite","isPartOf":{"@id":"https:\/\/perlagesuite.com\/#website"},"primaryImageOfPage":{"@id":"https:\/\/perlagesuite.com\/un-arcobaleno-di-bellezza-sul-lago-d-iseo-contemplato-con-un-sauternes\/#primaryimage"},"image":{"@id":"https:\/\/perlagesuite.com\/un-arcobaleno-di-bellezza-sul-lago-d-iseo-contemplato-con-un-sauternes\/#primaryimage"},"thumbnailUrl":"https:\/\/perlagesuite.com\/wp-content\/uploads\/2016\/05\/alba-castro-lovere-lago-iseo.jpg","datePublished":"2016-05-17T06:45:27+00:00","dateModified":"2020-10-15T10:36:52+00:00","breadcrumb":{"@id":"https:\/\/perlagesuite.com\/un-arcobaleno-di-bellezza-sul-lago-d-iseo-contemplato-con-un-sauternes\/#breadcrumb"},"inLanguage":"en-GB","potentialAction":[{"@type":"ReadAction","target":["https:\/\/perlagesuite.com\/un-arcobaleno-di-bellezza-sul-lago-d-iseo-contemplato-con-un-sauternes\/"]}]},{"@type":"ImageObject","inLanguage":"en-GB","@id":"https:\/\/perlagesuite.com\/un-arcobaleno-di-bellezza-sul-lago-d-iseo-contemplato-con-un-sauternes\/#primaryimage","url":"https:\/\/perlagesuite.com\/wp-content\/uploads\/2016\/05\/alba-castro-lovere-lago-iseo.jpg","contentUrl":"https:\/\/perlagesuite.com\/wp-content\/uploads\/2016\/05\/alba-castro-lovere-lago-iseo.jpg","width":1080,"height":720},{"@type":"BreadcrumbList","@id":"https:\/\/perlagesuite.com\/un-arcobaleno-di-bellezza-sul-lago-d-iseo-contemplato-con-un-sauternes\/#breadcrumb","itemListElement":[{"@type":"ListItem","position":1,"name":"Home","item":"https:\/\/perlagesuite.com\/"},{"@type":"ListItem","position":2,"name":"Un arcobaleno di bellezza sul lago d&#8217;Iseo contemplato con un Sauternes"}]},{"@type":"WebSite","@id":"https:\/\/perlagesuite.com\/#website","url":"https:\/\/perlagesuite.com\/","name":"Perlage Suite","description":"Chiara Bassi's Wine Blog","publisher":{"@id":"https:\/\/perlagesuite.com\/#organization"},"potentialAction":[{"@type":"SearchAction","target":{"@type":"EntryPoint","urlTemplate":"https:\/\/perlagesuite.com\/?s={search_term_string}"},"query-input":{"@type":"PropertyValueSpecification","valueRequired":true,"valueName":"search_term_string"}}],"inLanguage":"en-GB"},{"@type":"Organization","@id":"https:\/\/perlagesuite.com\/#organization","name":"Chiara Bassi","url":"https:\/\/perlagesuite.com\/","logo":{"@type":"ImageObject","inLanguage":"en-GB","@id":"https:\/\/perlagesuite.com\/#\/schema\/logo\/image\/","url":"https:\/\/perlagesuite.com\/wp-content\/uploads\/2022\/03\/Chiara-Bassi-sommelier-wine-blogger-logo.png","contentUrl":"https:\/\/perlagesuite.com\/wp-content\/uploads\/2022\/03\/Chiara-Bassi-sommelier-wine-blogger-logo.png","width":512,"height":512,"caption":"Chiara Bassi"},"image":{"@id":"https:\/\/perlagesuite.com\/#\/schema\/logo\/image\/"},"sameAs":["https:\/\/www.facebook.com\/chiarabassiperlagesuite","https:\/\/x.com\/perlagesuite","https:\/\/www.instagram.com\/perlagesuite\/"]},{"@type":"Person","@id":"https:\/\/perlagesuite.com\/#\/schema\/person\/81b257517a1007c1a823318ac86c6013","name":"Chiara Bassi","image":{"@type":"ImageObject","inLanguage":"en-GB","@id":"https:\/\/secure.gravatar.com\/avatar\/2d79bd9bb4582f8af9b4c76c8e21c46c1d0c1cde8dc9dc57cf739c0d296754d2?s=96&d=mm&r=g","url":"https:\/\/secure.gravatar.com\/avatar\/2d79bd9bb4582f8af9b4c76c8e21c46c1d0c1cde8dc9dc57cf739c0d296754d2?s=96&d=mm&r=g","contentUrl":"https:\/\/secure.gravatar.com\/avatar\/2d79bd9bb4582f8af9b4c76c8e21c46c1d0c1cde8dc9dc57cf739c0d296754d2?s=96&d=mm&r=g","caption":"Chiara Bassi"},"sameAs":["https:\/\/perlagesuite.com"]}]}},"_links":{"self":[{"href":"http:\/\/perlagesuite.com\/en\/wp-json\/wp\/v2\/posts\/4259","targetHints":{"allow":["GET"]}}],"collection":[{"href":"http:\/\/perlagesuite.com\/en\/wp-json\/wp\/v2\/posts"}],"about":[{"href":"http:\/\/perlagesuite.com\/en\/wp-json\/wp\/v2\/types\/post"}],"author":[{"embeddable":true,"href":"http:\/\/perlagesuite.com\/en\/wp-json\/wp\/v2\/users\/49"}],"replies":[{"embeddable":true,"href":"http:\/\/perlagesuite.com\/en\/wp-json\/wp\/v2\/comments?post=4259"}],"version-history":[{"count":0,"href":"http:\/\/perlagesuite.com\/en\/wp-json\/wp\/v2\/posts\/4259\/revisions"}],"wp:featuredmedia":[{"embeddable":true,"href":"http:\/\/perlagesuite.com\/en\/wp-json\/wp\/v2\/media\/4265"}],"wp:attachment":[{"href":"http:\/\/perlagesuite.com\/en\/wp-json\/wp\/v2\/media?parent=4259"}],"wp:term":[{"taxonomy":"category","embeddable":true,"href":"http:\/\/perlagesuite.com\/en\/wp-json\/wp\/v2\/categories?post=4259"},{"taxonomy":"post_tag","embeddable":true,"href":"http:\/\/perlagesuite.com\/en\/wp-json\/wp\/v2\/tags?post=4259"}],"curies":[{"name":"wp","href":"https:\/\/api.w.org\/{rel}","templated":true}]}}