{"id":24217,"date":"2020-03-04T20:53:26","date_gmt":"2020-03-04T19:53:26","guid":{"rendered":"https:\/\/perlagesuite.com\/?p=24217"},"modified":"2020-03-13T12:26:13","modified_gmt":"2020-03-13T11:26:13","slug":"coronavirus-vinitaly-rimandato-a-giugno","status":"publish","type":"post","link":"https:\/\/perlagesuite.com\/en\/coronavirus-vinitaly-rimandato-a-giugno\/","title":{"rendered":"Coronavirus: North blocked, Vinitaly postponed to June, what do you think?"},"content":{"rendered":"[et_pb_section fb_built=&#8221;1&#8243; admin_label=&#8221;section&#8221; _builder_version=&#8221;3.22&#8243;][et_pb_row admin_label=&#8221;row&#8221; _builder_version=&#8221;3.25&#8243; background_size=&#8221;initial&#8221; background_position=&#8221;top_left&#8221; background_repeat=&#8221;repeat&#8221;][et_pb_column type=&#8221;4_4&#8243; _builder_version=&#8221;3.25&#8243; custom_padding=&#8221;|||&#8221; custom_padding__hover=&#8221;|||&#8221;][et_pb_text admin_label=&#8221;Text&#8221; _builder_version=&#8221;4.4.1&#8243; background_size=&#8221;initial&#8221; background_position=&#8221;top_left&#8221; background_repeat=&#8221;repeat&#8221; hover_enabled=&#8221;0&#8243;]<p style=\"text-align: justify;\">Sono stata parecchio indecisa se scrivere qualcosa in merito al <strong>Coronavirus<\/strong>, di cui sono certa senti gi\u00e0 parlare praticamente tutto il giorno. <strong>In Italia siamo a quota 3.089 casi<\/strong>, 107 morti e 276 guariti. Allarmante la situazione dell&#8217;Emilia-Romagna che su appena 2.500 tamponi registra 544 positivi (1 su 4) e 22 decessi. In Lombardia sono stati fatti 12.138 tamponi con 1820 casi (1 su 7) e 73 decessi. Meglio in Veneto, che su 10515 tamponi conta appena 360 casi (1 su 30) e &#8220;solo&#8221; 6 decessi. [Dati aggiornati alle ore 17 di oggi, 4 marzo 2020]<\/p>\n<p style=\"text-align: justify;\"><\/p>\n<p style=\"text-align: justify;\">Da poco pi\u00f9 di un mese vivo col mio fidanzato Francesco e ci dividiamo la settimana tra Monte Isola e Remedello in provincia di Brescia. In entrambi i paesi per ora nessun contagio, ma a Calvisano (che dista appena 9 km da Remedello) oggi \u00e8 morta una persona e a Marone (che dista appena 2 km da Monte Isola) \u00e8 stato annunciato il primo infetto. Qui <strong>ci troviamo fuori dalla temuta zona rossa lodigiana, ma la zona rossa sta ampliando i suoi confini anche ad alcuni paesi bergamaschi <\/strong>avvicinandosi inesorabilmente verso di noi.<\/p>\n<p style=\"text-align: justify;\"><\/p>\n<p style=\"text-align: justify;\">Per questo,<strong> quando sento definire il Coronavirus \u201cuna semplice influenza con una bassa mortalit\u00e0\u201d da scellerati che non si rendono conto dell\u2019emergenza in cui viviamo qui nel Nord Italia mi sale una rogna fulminante!<\/strong> Ieri mattina ho ricevuto il comunicato stampa di Verona Fiere che ha spostato il Vinitaly -sold out da novembre scorso- a giugno, precisamente dal 14 al 17.<strong> Per caso hai mai visto spostare il Vinitaly per l\u2019influenza stagionale?<\/strong><\/p>\n<p><\/p>\n<p><\/p>\n<h4 class=\"wp-block-heading\">Coronavirus: ricordi che il Vinitaly per le cantine \u00e8 un luogo di lavoro?<\/h4>\n<p><\/p>\n<p style=\"text-align: justify;\">Il Coronavirus ha colpito -principalmente- le tre regioni pi\u00f9 produttive d\u2019Italia: Lombardia, Emilia-Romagna e Veneto. Qui si registra un incremento dei casi giornalieri allucinante. In 24 ore i bresciani contagiati sono passati da 16 a 61 e altre 2 persone sono morte. <strong>Non voglio fare allarmismi di nessun genere, ma nemmeno sentirmi dire che la scelta di spostare il Vinitaly \u00e8 una cazzata come ho sentito da qualcuno oggi<\/strong>.<\/p>\n<p style=\"text-align: justify;\"><\/p>\n<p style=\"text-align: justify;\">Certo, i contagiati sono per lo pi\u00f9 over 60, ma anche la mia mamma ha 60 anni e non mi risulta che i 60enni debbano avere una scadenza cos\u00ec ravvicinata per legge naturale. Poi il problema \u00e8 che 1 su 10 va in terapia intensiva, e se ogni giorno ci entrano decine di persone, i reparti sono pieni. E chi ne ha bisogno per altre patologie o interventi lo spediamo a casa o lo lasciamo morire? Siete degli scellerati, scusatemi. <strong>Fatevi un calice di Tavernello e non scomodatevi a venire al Vinitaly a giugno, se avete tanto da lamentarvi e da criticare la scelta di Verona Fiere.<\/strong><\/p>\n<p style=\"text-align: justify;\"><\/p>\n<p style=\"text-align: justify;\">Poi, se non avete lo sbuzzo di temere il contagio per voi e per i vostri cari (non avete nemmeno un parente stretto o un amico a cui volete bene over 60?), abbiate quantomeno il rispetto di tutte le cantine che -lo so, non ci crederete mai- non spendono fior di soldini per partecipare al Vinitaly per farvi godere o ubriacare (a seconda dei casi)! Che affluenza pensi possa avere una fiera internazionale in una delle regioni pi\u00f9 colpite quando gli equipaggi dell\u2019America Airlines disertano i voli per Malpensa per paura del contagio? Fare il Vinitaly tra un mese era solo una follia in cui a rimetterci davvero erano principalmente le cantine.<\/p>\n<p style=\"text-align: justify;\"><\/p>\n<p style=\"text-align: justify;\"><br \/> <strong>Mi immagino i padiglioni vuoti, i vignaioli e gli operatori che parlano con 2 mascherine una sull\u2019altra, i pochi avventori rigorosamente ad almeno un metro di distanza che si tolgono velocemente la mascherina per fare un sorso. <\/strong>Bel modo di lavorare, complimenti! Ah, giusto! Qualcuno si dimentica sempre che il Vinitaly \u00e8 un luogo di lavoro e noi sommelier dovremmo essere i primi a rispettarlo, con l\u2019orgoglio del titolo che portiamo.<\/p>\n<p style=\"text-align: justify;\"><\/p>\n<p style=\"text-align: justify;\"><\/p>\n<h4 class=\"wp-block-heading\" style=\"text-align: justify;\">La decisione di rimandare il Vinitaly secondo Mantovani e Cotarella<\/h4>\n<p style=\"text-align: justify;\"><\/p>\n<p style=\"text-align: justify;\">\u201cIn considerazione della rapida evoluzione della situazione internazionale che genera evidenti difficolt\u00e0 a tutte le attivit\u00e0 fieristiche a livello continentale, Veronafiere ha deciso di riposizionare le date di Vinitaly, Enolitech e Sol&amp;Agrifood dal 14 al 17 giugno 2020, ovvero nel periodo migliore per assicurare a espositori e visitatori il pi\u00f9 elevato standard qualitativo del business\u201d. <strong>Giovanni Mantovani<\/strong>, direttore generale di Verona Fiere. In effetti non solo il Vinitaly di Verona \u00e8 stato rimandato, ma anche il Cosmoprof di Bologna e il Salone del Mobile di Milano.<\/p>\n<p style=\"text-align: justify;\"><\/p>\n<p style=\"text-align: justify;\">Verona Fiere sta attivando una task force\u00a0per assistere i propri clienti in ogni ambito necessario alla riorganizzazione delle manifestazioni posticipate e in stretta collaborazione con le associazioni di riferimento predisporr\u00e0 tutte le azioni di incoming necessarie a garantire la presenza di buyer e operatori professionali qualificati. Sulle nuove date, inoltre, Confcommercio Verona e Cooperativa Albergatori veronesi hanno espresso massima disponibilit\u00e0 per favorire lo spostamento delle prenotazioni.<\/p>\n<p><\/p>\n<p><\/p>\n<figure class=\"wp-block-image size-large\"><img loading=\"lazy\" decoding=\"async\" width=\"1024\" height=\"640\" src=\"https:\/\/perlagesuite.com\/wp-content\/uploads\/2020\/03\/assoenologi-presidente_riccardo-cotarella-1024x640.jpg\" alt=\"coronavirus assoenologi riccardo cotarella\" class=\"wp-image-24224\" srcset=\"https:\/\/perlagesuite.com\/wp-content\/uploads\/2020\/03\/assoenologi-presidente_riccardo-cotarella-1024x640.jpg 1024w, https:\/\/perlagesuite.com\/wp-content\/uploads\/2020\/03\/assoenologi-presidente_riccardo-cotarella-980x613.jpg 980w, https:\/\/perlagesuite.com\/wp-content\/uploads\/2020\/03\/assoenologi-presidente_riccardo-cotarella-480x300.jpg 480w\" sizes=\"(min-width: 0px) and (max-width: 480px) 480px, (min-width: 481px) and (max-width: 980px) 980px, (min-width: 981px) 1024px, 100vw\" \/><\/figure>\n<p><\/p>\n<p style=\"text-align: justify;\"><br \/> Ha parlato molto bene\u00a0<strong>Riccardo Cotarella<\/strong>, presidente di Assoneologi: \u201cLa decisione assunta da Veronafiere su Vinitaly e supportata dalle associazioni della filiera, deriva da considerazioni intelligenti e imprenditoriali. Non si pu\u00f2 immaginare un Vinitaly fiore all\u2019occhiello del settore vitivinicolo italiano, nonch\u00e9 evento che tutto il mondo ci invidia, ridimensionato pi\u00f9 o meno fortemente nelle presenze di operatori che al momento danno previsioni non soddisfacenti. Questo significa tutelare l\u2019operativit\u00e0 dei nostri produttori e allo stesso tempo proteggere l\u2019immagine del vino italiano e di Vinitaly nel mondo\u201d. A proposito di questo immenso enologo italiano, sai che cura anche i vini di <strong><span style=\"text-decoration: underline;\"><a href=\"https:\/\/perlagesuite.com\/indice-bigot-qualita-del-vigneto-famiglia-moratti-castello-di-cigognola\/\" target=\"_blank\" rel=\"noreferrer noopener\" aria-label=\"Castello di Cigognola, propriet\u00e0 della famiglia Moratti (apre in una nuova scheda)\">Castello di Cigognola, propriet\u00e0 della famiglia Moratti<\/a><\/span><\/strong>?<\/p>\n<p><\/p>\n<p><\/p>\n<h4 class=\"wp-block-heading\">Coronavirus e Vinitaly: hai voglia di fare polemica? Sul serio?<\/h4>\n<p><\/p>\n<p style=\"text-align: justify;\">Uno svolgimento del Vinitaly come che nulla fosse accaduto non \u00e8 possibile. Il Coronavirus \u00e8 nuovo, difficilmente possiamo auspicare di essere certi della situazione da qui a un mese. Anzi, a veder la Cina, pur concordando di essere pi\u00f9 bravi, Quindi per favore, BASTA BASTA BASTA POLEMICHE. Siamo in emergenza, bisogna essere\u00a0uniti e forti per rilanciare l\u2019immagine dell\u2019Italia nel mondo. Dalle stelle alle stalle \u00e8 un attimo, <strong>vediamo di fare squadra ed impegnarci per essere ancora pi\u00f9 bravi quest\u2019anno e fare un Vinitaly di cui si parler\u00e0 a lungo per la sua bellezza, la sua qualit\u00e0 e la sua efficienza.<\/strong><\/p>\n<p><\/p>\n<p><\/p>\n<h4 class=\"wp-block-heading\">Vinitaly: ecco le date di tutti gli eventi<\/h4>\n<p><\/p>\n<p><\/p>\n<figure class=\"wp-block-table\">\n<table>\n<tbody>\n<tr>\n<td>Vinitaly Design International Packaging Competition<\/td>\n<td>25 marzo 2020<\/td>\n<\/tr>\n<tr>\n<td>5StarWines \/ Wine without Walls<\/td>\n<td>15-17 aprile 2020<\/td>\n<\/tr>\n<tr>\n<td>VIA-Vinitaly International Academy<\/td>\n<td>8-12 giugno 2020<\/td>\n<\/tr>\n<tr>\n<td>Vinitaly and the City<\/td>\n<td>12-15 giugno 2020<\/td>\n<\/tr>\n<tr>\n<td>OperaWine<\/td>\n<td>13 giugno 2020<\/td>\n<\/tr>\n<tr>\n<td><strong><a href=\"https:\/\/www.vinitaly.com\" target=\"_blank\" rel=\"noreferrer noopener\" aria-label=\"Vinitaly-Sol&amp;Agrifood-Enolitech (apre in una nuova scheda)\">Vinitaly-Sol&amp;Agrifood-Enolitech<\/a><\/strong><\/td>\n<td>14-17 giugno 2020<\/td>\n<\/tr>\n<\/tbody>\n<\/table>\n<\/figure>\n<p><\/p>\n<p style=\"text-align: justify;\"><br \/> In bocca al lupo a tutti gli operatori, come sempre metto a disposizione il mio wine blog per ogni vostra necessit\u00e0.<br \/> Cheers \ud83c\udf77\u00a0<br \/> Chiara<br \/> P.S. Sentiti libero di lasciarmi un commento per farmi sapere cosa ne pensi. Prometto che se sar\u00e0 una polemica, mi limiter\u00f2 a lanciarti la maledizione di Bacco (che trasforma ogni bottiglia di vino nella tua cantina in un cartone di San Crispino). \ud83d\ude05\ud83d\ude08<\/p>\n<p><\/p>\n[\/et_pb_text][\/et_pb_column][\/et_pb_row][et_pb_row column_structure=&#8221;1_2,1_2&#8243; _builder_version=&#8221;4.0.6&#8243; global_module=&#8221;21425&#8243;][et_pb_column type=&#8221;1_2&#8243; _builder_version=&#8221;4.0.6&#8243;][et_pb_wc_images product=&#8221;10582&#8243; _builder_version=&#8221;4.0.6&#8243;][\/et_pb_wc_images][\/et_pb_column][et_pb_column type=&#8221;1_2&#8243; _builder_version=&#8221;4.0.6&#8243;][et_pb_wc_title product=&#8221;10582&#8243; _builder_version=&#8221;4.0.6&#8243;][\/et_pb_wc_title][et_pb_wc_rating product=&#8221;10582&#8243; _builder_version=&#8221;4.0.6&#8243;][\/et_pb_wc_rating][et_pb_wc_description product=&#8221;10582&#8243; _builder_version=&#8221;4.0.6&#8243;][\/et_pb_wc_description][et_pb_wc_price product=&#8221;10582&#8243; _builder_version=&#8221;4.0.6&#8243;][\/et_pb_wc_price][et_pb_wc_add_to_cart product=&#8221;10582&#8243; _builder_version=&#8221;4.0.6&#8243;][\/et_pb_wc_add_to_cart][et_pb_text _builder_version=&#8221;4.0.6&#8243; text_font=&#8221;Delius Unicase||||||||&#8221;]<p style=\"text-align: justify;\"><span style=\"color: #ff0000;\"><strong>IN OMAGGIO<\/strong><\/span>, solo per chi compra il mio libro su Perlage Suite, una copia della <strong>Prima Edizione da Collezione della mia Guida Vini Spumanti &#8220;500 Bolle in 500&#8221;<\/strong>, prezzo di copertina 25,30 \u20ac.<\/p>[\/et_pb_text][\/et_pb_column][\/et_pb_row][\/et_pb_section]","protected":false},"excerpt":{"rendered":"<p>Sono stata parecchio indecisa se scrivere qualcosa in merito al Coronavirus, di cui sono certa senti gi\u00e0 parlare praticamente tutto il giorno. In Italia siamo a quota 3.089 casi, 107 morti e 276 guariti. Allarmante la situazione dell&#8217;Emilia-Romagna che su appena 2.500 tamponi registra 544 positivi (1 su 4) e 22 decessi. In Lombardia sono [&hellip;]<\/p>\n","protected":false},"author":49,"featured_media":24220,"comment_status":"open","ping_status":"open","sticky":false,"template":"","format":"standard","meta":{"_et_pb_use_builder":"on","_et_pb_old_content":"<!-- wp:paragraph -->\n<p>Sono stata parecchio indecisa se scrivere qualcosa in merito al <strong>Coronavirus<\/strong>, di cui sono certa senti gi\u00e0 parlare praticamente tutto il giorno. <strong>In Italia siamo a quota 3.089 casi<\/strong>, 107 morti e 276 guariti. Allarmante la situazione dell'Emilia-Romagna che su appena 2.500 tamponi registra 544 positivi (1 su 4) e 22 decessi. In Lombardia sono stati fatti 12.138 tamponi con 1820 casi (1 su 7) e 73 decessi. Meglio in Veneto, che su 10515 tamponi conta appena 360 casi (1 su 30) e \"solo\" 6 decessi. [Dati aggiornati alle ore 17 di oggi, 4 marzo 2020] <\/p>\n<!-- \/wp:paragraph -->\n\n<!-- wp:paragraph -->\n<p>Da poco pi\u00f9 di un mese vivo col mio fidanzato Francesco e ci dividiamo la settimana tra Monte Isola e Remedello in provincia di Brescia. In entrambi i paesi per ora nessun contagio, ma a Calvisano (che dista appena 9 km da Remedello) oggi \u00e8 morta una persona e a Marone (che dista appena 2 km da Monte Isola) \u00e8 stato annunciato il primo infetto. Qui <strong>ci troviamo fuori dalla temuta zona rossa lodigiana, ma la zona rossa sta ampliando i suoi confini anche ad alcuni paesi bergamaschi <\/strong>avvicinandosi inesorabilmente verso di noi. <\/p>\n<!-- \/wp:paragraph -->\n\n<!-- wp:paragraph -->\n<p>Per questo,<strong> quando sento definire il Coronavirus \u201cuna semplice influenza con una bassa mortalit\u00e0\u201d da scellerati che non si rendono conto dell\u2019emergenza in cui viviamo qui nel Nord Italia mi sale una rogna fulminante!<\/strong> Ieri mattina ho ricevuto il comunicato stampa di Verona Fiere che ha spostato il Vinitaly -sold out da novembre scorso- a giugno, precisamente dal 14 al 17.<strong> Per caso hai mai visto spostare il Vinitaly per l\u2019influenza stagionale?<\/strong><\/p>\n<!-- \/wp:paragraph -->\n\n<!-- wp:heading {\"level\":4} -->\n<h4>Coronavirus: ricordi che il Vinitaly per le cantine \u00e8 un luogo di lavoro?<\/h4>\n<!-- \/wp:heading -->\n\n<!-- wp:paragraph -->\n<p>Il Coronavirus ha colpito -principalmente- le tre regioni pi\u00f9 produttive d\u2019Italia: Lombardia, Emilia-Romagna e Veneto. Qui si registra un incremento dei casi giornalieri allucinante. In 24 ore i bresciani contagiati sono passati da 16 a 61 e altre 2 persone sono morte. <strong>Non voglio fare allarmismi di nessun genere, ma nemmeno sentirmi dire che la scelta di spostare il Vinitaly \u00e8 una cazzata come ho sentito da qualcuno oggi<\/strong>.<\/p>\n<!-- \/wp:paragraph -->\n\n<!-- wp:paragraph -->\n<p>Certo, i contagiati sono per lo pi\u00f9 over 60, ma anche la mia mamma ha 60 anni e non mi risulta che i 60enni debbano avere una scadenza cos\u00ec ravvicinata per legge naturale. Poi il problema \u00e8 che 1 su 10 va in terapia intensiva, e se ogni giorno ci entrano decine di persone, i reparti sono pieni. E chi ne ha bisogno per altre patologie o interventi lo spediamo a casa o lo lasciamo morire? Siete degli scellerati, scusatemi. <strong>Fatevi un calice di Tavernello e non scomodatevi a venire al Vinitaly a giugno, se avete tanto da lamentarvi e da criticare la scelta di Verona Fiere.<\/strong><\/p>\n<!-- \/wp:paragraph -->\n\n<!-- wp:paragraph -->\n<p>Poi, se non avete lo sbuzzo di temere il contagio per voi e per i vostri cari (non avete nemmeno un parente stretto o un amico a cui volete bene over 60?), abbiate quantomeno il rispetto di tutte le cantine che -lo so, non ci crederete mai- non spendono fior di soldini per partecipare al Vinitaly per farvi godere o ubriacare (a seconda dei casi)! Che affluenza pensi possa avere una fiera internazionale in una delle regioni pi\u00f9 colpite quando gli equipaggi dell\u2019America Airlines disertano i voli per Malpensa per paura del contagio? Fare il Vinitaly tra un mese era solo una follia in cui a rimetterci davvero erano principalmente le cantine.<\/p>\n<!-- \/wp:paragraph -->\n\n<!-- wp:paragraph -->\n<p><br><strong>Mi immagino i padiglioni vuoti, i vignaioli e gli operatori che parlano con 2 mascherine una sull\u2019altra, i pochi avventori rigorosamente ad almeno un metro di distanza che si tolgono velocemente la mascherina per fare un sorso. <\/strong>Bel modo di lavorare, complimenti! Ah, giusto! Qualcuno si dimentica sempre che il Vinitaly \u00e8 un luogo di lavoro e noi sommelier dovremmo essere i primi a rispettarlo, con l\u2019orgoglio del titolo che portiamo.<\/p>\n<!-- \/wp:paragraph -->\n\n<!-- wp:heading {\"level\":4} -->\n<h4>La decisione di rimandare il Vinitaly secondo Mantovani e Cotarella<\/h4>\n<!-- \/wp:heading -->\n\n<!-- wp:paragraph -->\n<p>\u201cIn considerazione della rapida evoluzione della situazione internazionale che genera evidenti difficolt\u00e0 a tutte le attivit\u00e0 fieristiche a livello continentale, Veronafiere ha deciso di riposizionare le date di Vinitaly, Enolitech e Sol&amp;Agrifood dal 14 al 17 giugno 2020, ovvero nel periodo migliore per assicurare a espositori e visitatori il pi\u00f9 elevato standard qualitativo del business\u201d. <strong>Giovanni Mantovani<\/strong>, direttore generale di Verona Fiere. In effetti non solo il Vinitaly di Verona \u00e8 stato rimandato, ma anche il Cosmoprof di Bologna e il Salone del Mobile di Milano.<\/p>\n<!-- \/wp:paragraph -->\n\n<!-- wp:paragraph -->\n<p>Verona Fiere sta attivando una task force&nbsp;per assistere i propri clienti in ogni ambito necessario alla riorganizzazione delle manifestazioni posticipate e in stretta collaborazione con le associazioni di riferimento predisporr\u00e0 tutte le azioni di incoming necessarie a garantire la presenza di buyer e operatori professionali qualificati. Sulle nuove date, inoltre, Confcommercio Verona e Cooperativa Albergatori veronesi hanno espresso massima disponibilit\u00e0 per favorire lo spostamento delle prenotazioni. <\/p>\n<!-- \/wp:paragraph -->\n\n<!-- wp:image {\"id\":24224,\"sizeSlug\":\"large\"} -->\n<figure class=\"wp-block-image size-large\"><img src=\"https:\/\/perlagesuite.com\/wp-content\/uploads\/2020\/03\/assoenologi-presidente_riccardo-cotarella-1024x640.jpg\" alt=\"coronavirus assoenologi riccardo cotarella\" class=\"wp-image-24224\"\/><\/figure>\n<!-- \/wp:image -->\n\n<!-- wp:paragraph -->\n<p><br>Ha parlato molto bene\u00a0<strong>Riccardo Cotarella<\/strong>, presidente di Assoneologi: \u201cLa decisione assunta da Veronafiere su Vinitaly e supportata dalle associazioni della filiera, deriva da considerazioni intelligenti e imprenditoriali. Non si pu\u00f2 immaginare un Vinitaly fiore all\u2019occhiello del settore vitivinicolo italiano, nonch\u00e9 evento che tutto il mondo ci invidia, ridimensionato pi\u00f9 o meno fortemente nelle presenze di operatori che al momento danno previsioni non soddisfacenti. Questo significa tutelare l\u2019operativit\u00e0 dei nostri produttori e allo stesso tempo proteggere l\u2019immagine del vino italiano e di Vinitaly nel mondo\u201d. A proposito di questo immenso enologo italiano, sai che cura anche i vini di <strong><span style=\"text-decoration: underline;\"><a href=\"https:\/\/perlagesuite.com\/indice-bigot-qualita-del-vigneto-famiglia-moratti-castello-di-cigognola\/\" target=\"_blank\" rel=\"noreferrer noopener\" aria-label=\"Castello di Cigognola, propriet\u00e0 della famiglia Moratti (apre in una nuova scheda)\">Castello di Cigognola, propriet\u00e0 della famiglia Moratti<\/a><\/span><\/strong>?<\/p>\n<!-- \/wp:paragraph -->\n\n<!-- wp:heading {\"level\":4} -->\n<h4>Coronavirus e Vinitaly: hai voglia di fare polemica? Sul serio?<\/h4>\n<!-- \/wp:heading -->\n\n<!-- wp:paragraph -->\n<p>Uno svolgimento del Vinitaly come che nulla fosse accaduto non \u00e8 possibile. Il Coronavirus \u00e8 nuovo, difficilmente possiamo auspicare di essere certi della situazione da qui a un mese. Anzi, a veder la Cina, pur concordando di essere pi\u00f9 bravi, Quindi per favore, BASTA BASTA BASTA POLEMICHE. Siamo in emergenza, bisogna essere&nbsp;uniti e forti per rilanciare l\u2019immagine dell\u2019Italia nel mondo. Dalle stelle alle stalle \u00e8 un attimo, <strong>vediamo di fare squadra ed impegnarci per essere ancora pi\u00f9 bravi quest\u2019anno e fare un Vinitaly di cui si parler\u00e0 a lungo per la sua bellezza, la sua qualit\u00e0 e la sua efficienza.<\/strong><\/p>\n<!-- \/wp:paragraph -->\n\n<!-- wp:heading {\"level\":4} -->\n<h4>Vinitaly: ecco le date di tutti gli eventi<\/h4>\n<!-- \/wp:heading -->\n\n<!-- wp:table -->\n<figure class=\"wp-block-table\"><table class=\"\"><tbody><tr><td>Vinitaly Design International Packaging Competition<\/td><td>25 marzo 2020<\/td><\/tr><tr><td>5StarWines \/ Wine without Walls<\/td><td>15-17 aprile 2020<\/td><\/tr><tr><td>VIA-Vinitaly International Academy<\/td><td>8-12 giugno 2020<\/td><\/tr><tr><td>Vinitaly and the City<\/td><td>12-15 giugno 2020<\/td><\/tr><tr><td>OperaWine<\/td><td>13 giugno 2020<\/td><\/tr><tr><td><strong><a href=\"https:\/\/www.vinitaly.com\" target=\"_blank\" rel=\"noreferrer noopener\" aria-label=\"Vinitaly-Sol&amp;Agrifood-Enolitech (apre in una nuova scheda)\">Vinitaly-Sol&amp;Agrifood-Enolitech<\/a><\/strong><\/td><td>14-17 giugno 2020<\/td><\/tr><\/tbody><\/table><\/figure>\n<!-- \/wp:table -->\n\n<!-- wp:paragraph -->\n<p><br>In bocca al lupo a tutti gli operatori, come sempre metto a disposizione il mio wine blog per ogni vostra necessit\u00e0.<br>Cheers \ud83c\udf77&nbsp;<br>Chiara<br>P.S. Sentiti libero di lasciarmi un commento per farmi sapere cosa ne pensi. Prometto che se sar\u00e0 una polemica, mi limiter\u00f2 a lanciarti la maledizione di Bacco (che trasforma ogni bottiglia di vino nella tua cantina in un cartone di San Crispino). \ud83d\ude05\ud83d\ude08<\/p>\n<!-- \/wp:paragraph -->","_et_gb_content_width":"2880","footnotes":""},"categories":[374],"tags":[],"class_list":["post-24217","post","type-post","status-publish","format-standard","has-post-thumbnail","hentry","category-eventi-fiere-manifestazioni"],"yoast_head":"<!-- This site is optimized with the Yoast SEO Premium plugin v27.0 (Yoast SEO v27.4) - https:\/\/yoast.com\/product\/yoast-seo-premium-wordpress\/ -->\n<title>Coronavirus: Vinitaly rimandato a giugno, tu cosa ne pensi? - Perlage Suite<\/title>\n<meta name=\"description\" content=\"Con il Nord Italia bloccato per il Coronavirus, Verona Fiere decide di rimandare il Vinitaly dal 14 al 17 giugno 2020 e attiva una task force.\" \/>\n<meta name=\"robots\" content=\"index, follow, max-snippet:-1, max-image-preview:large, max-video-preview:-1\" \/>\n<link rel=\"canonical\" href=\"https:\/\/perlagesuite.com\/en\/coronavirus-vinitaly-rimandato-a-giugno\/\" \/>\n<meta property=\"og:locale\" content=\"en_GB\" \/>\n<meta property=\"og:type\" content=\"article\" \/>\n<meta property=\"og:title\" content=\"Coronavirus: Nord bloccato, Vinitaly rimandato a giugno, tu cosa ne pensi?\" \/>\n<meta property=\"og:description\" content=\"Con il Nord Italia bloccato per il Coronavirus, Verona Fiere decide di rimandare il Vinitaly dal 14 al 17 giugno 2020 e attiva una task force.\" \/>\n<meta property=\"og:url\" content=\"https:\/\/perlagesuite.com\/en\/coronavirus-vinitaly-rimandato-a-giugno\/\" \/>\n<meta property=\"og:site_name\" content=\"Perlage Suite\" \/>\n<meta property=\"article:publisher\" content=\"https:\/\/www.facebook.com\/chiarabassiperlagesuite\" \/>\n<meta property=\"article:published_time\" content=\"2020-03-04T19:53:26+00:00\" \/>\n<meta property=\"article:modified_time\" content=\"2020-03-13T11:26:13+00:00\" \/>\n<meta property=\"og:image\" content=\"https:\/\/perlagesuite.com\/wp-content\/uploads\/2020\/03\/vinitaly-2020-coronavirus.jpg\" \/>\n\t<meta property=\"og:image:width\" content=\"1080\" \/>\n\t<meta property=\"og:image:height\" content=\"720\" \/>\n\t<meta property=\"og:image:type\" content=\"image\/jpeg\" \/>\n<meta name=\"author\" content=\"Chiara Bassi\" \/>\n<meta name=\"twitter:card\" content=\"summary_large_image\" \/>\n<meta name=\"twitter:creator\" content=\"@perlagesuite\" \/>\n<meta name=\"twitter:site\" content=\"@perlagesuite\" \/>\n<meta name=\"twitter:label1\" content=\"Written by\" \/>\n\t<meta name=\"twitter:data1\" content=\"Chiara Bassi\" \/>\n\t<meta name=\"twitter:label2\" content=\"Estimated reading time\" \/>\n\t<meta name=\"twitter:data2\" content=\"6 minutes\" \/>\n<script type=\"application\/ld+json\" class=\"yoast-schema-graph\">{\"@context\":\"https:\\\/\\\/schema.org\",\"@graph\":[{\"@type\":\"Article\",\"@id\":\"https:\\\/\\\/perlagesuite.com\\\/coronavirus-vinitaly-rimandato-a-giugno\\\/#article\",\"isPartOf\":{\"@id\":\"https:\\\/\\\/perlagesuite.com\\\/coronavirus-vinitaly-rimandato-a-giugno\\\/\"},\"author\":{\"name\":\"Chiara Bassi\",\"@id\":\"https:\\\/\\\/perlagesuite.com\\\/#\\\/schema\\\/person\\\/81b257517a1007c1a823318ac86c6013\"},\"headline\":\"Coronavirus: Nord bloccato, Vinitaly rimandato a giugno, tu cosa ne pensi?\",\"datePublished\":\"2020-03-04T19:53:26+00:00\",\"dateModified\":\"2020-03-13T11:26:13+00:00\",\"mainEntityOfPage\":{\"@id\":\"https:\\\/\\\/perlagesuite.com\\\/coronavirus-vinitaly-rimandato-a-giugno\\\/\"},\"wordCount\":1307,\"commentCount\":0,\"publisher\":{\"@id\":\"https:\\\/\\\/perlagesuite.com\\\/#organization\"},\"image\":{\"@id\":\"https:\\\/\\\/perlagesuite.com\\\/coronavirus-vinitaly-rimandato-a-giugno\\\/#primaryimage\"},\"thumbnailUrl\":\"https:\\\/\\\/perlagesuite.com\\\/wp-content\\\/uploads\\\/2020\\\/03\\\/vinitaly-2020-coronavirus.jpg\",\"articleSection\":[\"Eventi, Fiere &amp; Manifestazioni\"],\"inLanguage\":\"en-GB\",\"potentialAction\":[{\"@type\":\"CommentAction\",\"name\":\"Comment\",\"target\":[\"https:\\\/\\\/perlagesuite.com\\\/coronavirus-vinitaly-rimandato-a-giugno\\\/#respond\"]}]},{\"@type\":\"WebPage\",\"@id\":\"https:\\\/\\\/perlagesuite.com\\\/coronavirus-vinitaly-rimandato-a-giugno\\\/\",\"url\":\"https:\\\/\\\/perlagesuite.com\\\/coronavirus-vinitaly-rimandato-a-giugno\\\/\",\"name\":\"Coronavirus: Vinitaly rimandato a giugno, tu cosa ne pensi? - Perlage Suite\",\"isPartOf\":{\"@id\":\"https:\\\/\\\/perlagesuite.com\\\/#website\"},\"primaryImageOfPage\":{\"@id\":\"https:\\\/\\\/perlagesuite.com\\\/coronavirus-vinitaly-rimandato-a-giugno\\\/#primaryimage\"},\"image\":{\"@id\":\"https:\\\/\\\/perlagesuite.com\\\/coronavirus-vinitaly-rimandato-a-giugno\\\/#primaryimage\"},\"thumbnailUrl\":\"https:\\\/\\\/perlagesuite.com\\\/wp-content\\\/uploads\\\/2020\\\/03\\\/vinitaly-2020-coronavirus.jpg\",\"datePublished\":\"2020-03-04T19:53:26+00:00\",\"dateModified\":\"2020-03-13T11:26:13+00:00\",\"description\":\"Con il Nord Italia bloccato per il Coronavirus, Verona Fiere decide di rimandare il Vinitaly dal 14 al 17 giugno 2020 e attiva una task force.\",\"breadcrumb\":{\"@id\":\"https:\\\/\\\/perlagesuite.com\\\/coronavirus-vinitaly-rimandato-a-giugno\\\/#breadcrumb\"},\"inLanguage\":\"en-GB\",\"potentialAction\":[{\"@type\":\"ReadAction\",\"target\":[\"https:\\\/\\\/perlagesuite.com\\\/coronavirus-vinitaly-rimandato-a-giugno\\\/\"]}]},{\"@type\":\"ImageObject\",\"inLanguage\":\"en-GB\",\"@id\":\"https:\\\/\\\/perlagesuite.com\\\/coronavirus-vinitaly-rimandato-a-giugno\\\/#primaryimage\",\"url\":\"https:\\\/\\\/perlagesuite.com\\\/wp-content\\\/uploads\\\/2020\\\/03\\\/vinitaly-2020-coronavirus.jpg\",\"contentUrl\":\"https:\\\/\\\/perlagesuite.com\\\/wp-content\\\/uploads\\\/2020\\\/03\\\/vinitaly-2020-coronavirus.jpg\",\"width\":1080,\"height\":720,\"caption\":\"coronavirus vinitaly 2020\"},{\"@type\":\"BreadcrumbList\",\"@id\":\"https:\\\/\\\/perlagesuite.com\\\/coronavirus-vinitaly-rimandato-a-giugno\\\/#breadcrumb\",\"itemListElement\":[{\"@type\":\"ListItem\",\"position\":1,\"name\":\"Home\",\"item\":\"https:\\\/\\\/perlagesuite.com\\\/\"},{\"@type\":\"ListItem\",\"position\":2,\"name\":\"Coronavirus: Nord bloccato, Vinitaly rimandato a giugno, tu cosa ne pensi?\"}]},{\"@type\":\"WebSite\",\"@id\":\"https:\\\/\\\/perlagesuite.com\\\/#website\",\"url\":\"https:\\\/\\\/perlagesuite.com\\\/\",\"name\":\"Perlage Suite\",\"description\":\"Il Wine Blog di Chiara Bassi\",\"publisher\":{\"@id\":\"https:\\\/\\\/perlagesuite.com\\\/#organization\"},\"potentialAction\":[{\"@type\":\"SearchAction\",\"target\":{\"@type\":\"EntryPoint\",\"urlTemplate\":\"https:\\\/\\\/perlagesuite.com\\\/?s={search_term_string}\"},\"query-input\":{\"@type\":\"PropertyValueSpecification\",\"valueRequired\":true,\"valueName\":\"search_term_string\"}}],\"inLanguage\":\"en-GB\"},{\"@type\":\"Organization\",\"@id\":\"https:\\\/\\\/perlagesuite.com\\\/#organization\",\"name\":\"Chiara Bassi\",\"url\":\"https:\\\/\\\/perlagesuite.com\\\/\",\"logo\":{\"@type\":\"ImageObject\",\"inLanguage\":\"en-GB\",\"@id\":\"https:\\\/\\\/perlagesuite.com\\\/#\\\/schema\\\/logo\\\/image\\\/\",\"url\":\"https:\\\/\\\/perlagesuite.com\\\/wp-content\\\/uploads\\\/2022\\\/03\\\/Chiara-Bassi-sommelier-wine-blogger-logo.png\",\"contentUrl\":\"https:\\\/\\\/perlagesuite.com\\\/wp-content\\\/uploads\\\/2022\\\/03\\\/Chiara-Bassi-sommelier-wine-blogger-logo.png\",\"width\":512,\"height\":512,\"caption\":\"Chiara Bassi\"},\"image\":{\"@id\":\"https:\\\/\\\/perlagesuite.com\\\/#\\\/schema\\\/logo\\\/image\\\/\"},\"sameAs\":[\"https:\\\/\\\/www.facebook.com\\\/chiarabassiperlagesuite\",\"https:\\\/\\\/x.com\\\/perlagesuite\",\"https:\\\/\\\/www.instagram.com\\\/perlagesuite\\\/\"]},{\"@type\":\"Person\",\"@id\":\"https:\\\/\\\/perlagesuite.com\\\/#\\\/schema\\\/person\\\/81b257517a1007c1a823318ac86c6013\",\"name\":\"Chiara Bassi\",\"image\":{\"@type\":\"ImageObject\",\"inLanguage\":\"en-GB\",\"@id\":\"https:\\\/\\\/secure.gravatar.com\\\/avatar\\\/2d79bd9bb4582f8af9b4c76c8e21c46c1d0c1cde8dc9dc57cf739c0d296754d2?s=96&d=mm&r=g\",\"url\":\"https:\\\/\\\/secure.gravatar.com\\\/avatar\\\/2d79bd9bb4582f8af9b4c76c8e21c46c1d0c1cde8dc9dc57cf739c0d296754d2?s=96&d=mm&r=g\",\"contentUrl\":\"https:\\\/\\\/secure.gravatar.com\\\/avatar\\\/2d79bd9bb4582f8af9b4c76c8e21c46c1d0c1cde8dc9dc57cf739c0d296754d2?s=96&d=mm&r=g\",\"caption\":\"Chiara Bassi\"},\"sameAs\":[\"https:\\\/\\\/perlagesuite.com\"]}]}<\/script>\n<!-- \/ Yoast SEO Premium plugin. -->","yoast_head_json":{"title":"Coronavirus: Vinitaly postponed to June, what do you think? - Perlage Suite","description":"With Northern Italy blocked due to the Coronavirus, Verona Fiere decides to postpone Vinitaly from 14 to 17 June 2020 and activates a task force.","robots":{"index":"index","follow":"follow","max-snippet":"max-snippet:-1","max-image-preview":"max-image-preview:large","max-video-preview":"max-video-preview:-1"},"canonical":"https:\/\/perlagesuite.com\/en\/coronavirus-vinitaly-rimandato-a-giugno\/","og_locale":"en_GB","og_type":"article","og_title":"Coronavirus: Nord bloccato, Vinitaly rimandato a giugno, tu cosa ne pensi?","og_description":"Con il Nord Italia bloccato per il Coronavirus, Verona Fiere decide di rimandare il Vinitaly dal 14 al 17 giugno 2020 e attiva una task force.","og_url":"https:\/\/perlagesuite.com\/en\/coronavirus-vinitaly-rimandato-a-giugno\/","og_site_name":"Perlage Suite","article_publisher":"https:\/\/www.facebook.com\/chiarabassiperlagesuite","article_published_time":"2020-03-04T19:53:26+00:00","article_modified_time":"2020-03-13T11:26:13+00:00","og_image":[{"width":1080,"height":720,"url":"https:\/\/perlagesuite.com\/wp-content\/uploads\/2020\/03\/vinitaly-2020-coronavirus.jpg","type":"image\/jpeg"}],"author":"Chiara Bassi","twitter_card":"summary_large_image","twitter_creator":"@perlagesuite","twitter_site":"@perlagesuite","twitter_misc":{"Written by":"Chiara Bassi","Estimated reading time":"6 minutes"},"schema":{"@context":"https:\/\/schema.org","@graph":[{"@type":"Article","@id":"https:\/\/perlagesuite.com\/coronavirus-vinitaly-rimandato-a-giugno\/#article","isPartOf":{"@id":"https:\/\/perlagesuite.com\/coronavirus-vinitaly-rimandato-a-giugno\/"},"author":{"name":"Chiara Bassi","@id":"https:\/\/perlagesuite.com\/#\/schema\/person\/81b257517a1007c1a823318ac86c6013"},"headline":"Coronavirus: Nord bloccato, Vinitaly rimandato a giugno, tu cosa ne pensi?","datePublished":"2020-03-04T19:53:26+00:00","dateModified":"2020-03-13T11:26:13+00:00","mainEntityOfPage":{"@id":"https:\/\/perlagesuite.com\/coronavirus-vinitaly-rimandato-a-giugno\/"},"wordCount":1307,"commentCount":0,"publisher":{"@id":"https:\/\/perlagesuite.com\/#organization"},"image":{"@id":"https:\/\/perlagesuite.com\/coronavirus-vinitaly-rimandato-a-giugno\/#primaryimage"},"thumbnailUrl":"https:\/\/perlagesuite.com\/wp-content\/uploads\/2020\/03\/vinitaly-2020-coronavirus.jpg","articleSection":["Eventi, Fiere &amp; Manifestazioni"],"inLanguage":"en-GB","potentialAction":[{"@type":"CommentAction","name":"Comment","target":["https:\/\/perlagesuite.com\/coronavirus-vinitaly-rimandato-a-giugno\/#respond"]}]},{"@type":"WebPage","@id":"https:\/\/perlagesuite.com\/coronavirus-vinitaly-rimandato-a-giugno\/","url":"https:\/\/perlagesuite.com\/coronavirus-vinitaly-rimandato-a-giugno\/","name":"Coronavirus: Vinitaly postponed to June, what do you think? - Perlage Suite","isPartOf":{"@id":"https:\/\/perlagesuite.com\/#website"},"primaryImageOfPage":{"@id":"https:\/\/perlagesuite.com\/coronavirus-vinitaly-rimandato-a-giugno\/#primaryimage"},"image":{"@id":"https:\/\/perlagesuite.com\/coronavirus-vinitaly-rimandato-a-giugno\/#primaryimage"},"thumbnailUrl":"https:\/\/perlagesuite.com\/wp-content\/uploads\/2020\/03\/vinitaly-2020-coronavirus.jpg","datePublished":"2020-03-04T19:53:26+00:00","dateModified":"2020-03-13T11:26:13+00:00","description":"With Northern Italy blocked due to the Coronavirus, Verona Fiere decides to postpone Vinitaly from 14 to 17 June 2020 and activates a task force.","breadcrumb":{"@id":"https:\/\/perlagesuite.com\/coronavirus-vinitaly-rimandato-a-giugno\/#breadcrumb"},"inLanguage":"en-GB","potentialAction":[{"@type":"ReadAction","target":["https:\/\/perlagesuite.com\/coronavirus-vinitaly-rimandato-a-giugno\/"]}]},{"@type":"ImageObject","inLanguage":"en-GB","@id":"https:\/\/perlagesuite.com\/coronavirus-vinitaly-rimandato-a-giugno\/#primaryimage","url":"https:\/\/perlagesuite.com\/wp-content\/uploads\/2020\/03\/vinitaly-2020-coronavirus.jpg","contentUrl":"https:\/\/perlagesuite.com\/wp-content\/uploads\/2020\/03\/vinitaly-2020-coronavirus.jpg","width":1080,"height":720,"caption":"coronavirus vinitaly 2020"},{"@type":"BreadcrumbList","@id":"https:\/\/perlagesuite.com\/coronavirus-vinitaly-rimandato-a-giugno\/#breadcrumb","itemListElement":[{"@type":"ListItem","position":1,"name":"Home","item":"https:\/\/perlagesuite.com\/"},{"@type":"ListItem","position":2,"name":"Coronavirus: Nord bloccato, Vinitaly rimandato a giugno, tu cosa ne pensi?"}]},{"@type":"WebSite","@id":"https:\/\/perlagesuite.com\/#website","url":"https:\/\/perlagesuite.com\/","name":"Perlage Suite","description":"Chiara Bassi's Wine Blog","publisher":{"@id":"https:\/\/perlagesuite.com\/#organization"},"potentialAction":[{"@type":"SearchAction","target":{"@type":"EntryPoint","urlTemplate":"https:\/\/perlagesuite.com\/?s={search_term_string}"},"query-input":{"@type":"PropertyValueSpecification","valueRequired":true,"valueName":"search_term_string"}}],"inLanguage":"en-GB"},{"@type":"Organization","@id":"https:\/\/perlagesuite.com\/#organization","name":"Chiara Bassi","url":"https:\/\/perlagesuite.com\/","logo":{"@type":"ImageObject","inLanguage":"en-GB","@id":"https:\/\/perlagesuite.com\/#\/schema\/logo\/image\/","url":"https:\/\/perlagesuite.com\/wp-content\/uploads\/2022\/03\/Chiara-Bassi-sommelier-wine-blogger-logo.png","contentUrl":"https:\/\/perlagesuite.com\/wp-content\/uploads\/2022\/03\/Chiara-Bassi-sommelier-wine-blogger-logo.png","width":512,"height":512,"caption":"Chiara Bassi"},"image":{"@id":"https:\/\/perlagesuite.com\/#\/schema\/logo\/image\/"},"sameAs":["https:\/\/www.facebook.com\/chiarabassiperlagesuite","https:\/\/x.com\/perlagesuite","https:\/\/www.instagram.com\/perlagesuite\/"]},{"@type":"Person","@id":"https:\/\/perlagesuite.com\/#\/schema\/person\/81b257517a1007c1a823318ac86c6013","name":"Chiara Bassi","image":{"@type":"ImageObject","inLanguage":"en-GB","@id":"https:\/\/secure.gravatar.com\/avatar\/2d79bd9bb4582f8af9b4c76c8e21c46c1d0c1cde8dc9dc57cf739c0d296754d2?s=96&d=mm&r=g","url":"https:\/\/secure.gravatar.com\/avatar\/2d79bd9bb4582f8af9b4c76c8e21c46c1d0c1cde8dc9dc57cf739c0d296754d2?s=96&d=mm&r=g","contentUrl":"https:\/\/secure.gravatar.com\/avatar\/2d79bd9bb4582f8af9b4c76c8e21c46c1d0c1cde8dc9dc57cf739c0d296754d2?s=96&d=mm&r=g","caption":"Chiara Bassi"},"sameAs":["https:\/\/perlagesuite.com"]}]}},"_links":{"self":[{"href":"https:\/\/perlagesuite.com\/en\/wp-json\/wp\/v2\/posts\/24217","targetHints":{"allow":["GET"]}}],"collection":[{"href":"https:\/\/perlagesuite.com\/en\/wp-json\/wp\/v2\/posts"}],"about":[{"href":"https:\/\/perlagesuite.com\/en\/wp-json\/wp\/v2\/types\/post"}],"author":[{"embeddable":true,"href":"https:\/\/perlagesuite.com\/en\/wp-json\/wp\/v2\/users\/49"}],"replies":[{"embeddable":true,"href":"https:\/\/perlagesuite.com\/en\/wp-json\/wp\/v2\/comments?post=24217"}],"version-history":[{"count":0,"href":"https:\/\/perlagesuite.com\/en\/wp-json\/wp\/v2\/posts\/24217\/revisions"}],"wp:featuredmedia":[{"embeddable":true,"href":"https:\/\/perlagesuite.com\/en\/wp-json\/wp\/v2\/media\/24220"}],"wp:attachment":[{"href":"https:\/\/perlagesuite.com\/en\/wp-json\/wp\/v2\/media?parent=24217"}],"wp:term":[{"taxonomy":"category","embeddable":true,"href":"https:\/\/perlagesuite.com\/en\/wp-json\/wp\/v2\/categories?post=24217"},{"taxonomy":"post_tag","embeddable":true,"href":"https:\/\/perlagesuite.com\/en\/wp-json\/wp\/v2\/tags?post=24217"}],"curies":[{"name":"wp","href":"https:\/\/api.w.org\/{rel}","templated":true}]}}