{"id":24784,"date":"2020-03-13T13:42:39","date_gmt":"2020-03-13T12:42:39","guid":{"rendered":"https:\/\/perlagesuite.com\/?p=24784"},"modified":"2020-10-15T10:46:40","modified_gmt":"2020-10-15T09:46:40","slug":"coronavirus-italia-umberto-cosmo-bellenda-scrive-a-verona-fiere","status":"publish","type":"post","link":"https:\/\/perlagesuite.com\/en\/coronavirus-italia-umberto-cosmo-bellenda-scrive-a-verona-fiere\/","title":{"rendered":"Coronavirus Italy: Umberto Cosmo -Bellenda- writes to Verona Fiere"},"content":{"rendered":"<p>[et_pb_section fb_built=&#8221;1&#8243; _builder_version=&#8221;4.4.1&#8243;][et_pb_row _builder_version=&#8221;4.4.1&#8243;][et_pb_column _builder_version=&#8221;4.4.1&#8243; type=&#8221;4_4&#8243;][et_pb_text _builder_version=&#8221;4.4.1&#8243; hover_enabled=&#8221;0&#8243;]<\/p>\n<p style=\"text-align: justify;\">Luned\u00ec sera, appena 3 giorni dopo aver pubblicato questo articolo sul <strong><a href=\"https:\/\/perlagesuite.com\/coronavirus-vinitaly-rimandato-a-giugno\/\" target=\"_blank\" rel=\"noopener noreferrer\"><span style=\"text-decoration: underline;\">Vinitaly 2020 rimandato a giugn<\/span>o<\/a><\/strong>, ho ricevuto questa lettera da parte di <strong>Umberto Cosmo di Bellenda<\/strong>. Avevo giusto invitato i produttori e gli operatori di settore a scrivermi cosa ne pensavano di questa decisione di Verona Fiere e per questo il messaggio del caro Umberto \u00e8 stato particolarmente gradito. Il focus del mio articolo era sulla <strong>necessit\u00e0 di (almeno) rimandare il Vinitaly<\/strong> che, dato il <strong>coronavirus italia<\/strong>, era per me assolutamente impensabile da svolgersi a met\u00e0 aprile. Quando ho scritto quell&#8217;articolo mi sono letteralmente sfogata per quel gruppo di scellerati che ho sentito lamentarsi dello spostamento del Vinitaly perch\u00e8 il coronavirus era per loro n\u00e9 pi\u00f9 n\u00e9 meno dell&#8217;influenza stagionale.<\/p>\n<p>[\/et_pb_text][et_pb_text _builder_version=&#8221;4.4.1&#8243; hover_enabled=&#8221;0&#8243;]<\/p>\n<p style=\"text-align: justify;\">\u00a0In Da quando si parla di coronavirus Italia le cose cambiano da un giorno all&#8217;altro. Personalmente non avevo ancora preso in considerazione l&#8217;ipotesi di annullare il Vinitaly 2020, ma sapevo con certezza che farlo ad aprile era assolutamente fuori da ogni grazia logica. <strong>La mia principale paura era la perdita economica che poteva esserci per le centinaia di cantine presenti se fosse diventata una fiera con pochi appassionati e nessun importatore a causa della chiusura di aeroporti e frontiere.<\/strong> Per me \u00e8 impensabile credere che tra un mese esatto saremo totalmente fuori da questa pandemia e, se anche per l&#8217;Italia davvero diventasse gi\u00e0 un problema superato, chi ci dice che gli altri stati Europei, la Russia e l&#8217;America non diventino la nuova Cina? Mi preme ricordare a tutti i fenomeni che criticano questa situazione italiana che noi siamo semplicemente pi\u00f9 bravi e trasparenti delle altre nazioni: facciamo gratuitamente i tamponi e aggiorniamo pubblicamente i dati rilevati. Davvero volete dirmi che negli USA o nella ricca e produttiva Germania accade questo? Cosa? Trump chiude le frontiere americane a tutti i passeggeri in arrivo dall&#8217;Europa? Ma li mortacci, siamo noi che dovremmo chiudere a tutti quelli in arrivo dagli USA! Quanti tamponi han fatto sti fenomeni, proprio l\u00ec dove senza un&#8217;assicurazione che copre ti lasciano morire per strada? Ma non mi dire, c&#8217;\u00e8 un uomo della Florida, senza assicurazione sanitaria, tornato di recente dalla Cina e con sintomi assimilabili al Coronavirus che \u00e8 andato in ospedale a Miami a fare un tampone: 3.270 $ di conto. Potessi farlo pagherei io personalmente un tampone per ogni cittadino americano per vedere se \u00e8 la volta buona che fermiamo il pericoloso delirio di Trump, poi vediamo chi deve chiudere le frontiere a chi. In ogni caso <strong>\u00e8 evidente che, con questa pandemia in corso, il Vinitaly a met\u00e0 aprile 2020 non si pu\u00f2 fare<\/strong>!<\/p>\n<p style=\"text-align: justify;\">Sar\u00f2 patriottica, sar\u00f2 controcorrente&#8230; ma io amo l&#8217;Italia. Io mi sento italiana in tutto e per tutto, con la mia bellezza, il mio genio e i miei limiti. Non c&#8217;\u00e8 nessun altro luogo al mondo dove vorrei vivere se non il mio amato Lago d&#8217;Iseo. Io sono fiera di come funziona l&#8217;Italia, anche se ci sono tante cose che cambierei. Anche se il mio cervello non \u00e8 valorizzato come in California. O forse s\u00ec? Se in Italia sono riuscita a far diventare l&#8217;essere una wine blogger un lavoro, siamo cos\u00ec sicuri che il nostro Paese non dia possibilit\u00e0 a chi ha talento e resilienza? Prima o poi parleremo anche di questo, ma oggi non voglio spostare il focus del discorso!<\/p>\n<p style=\"text-align: justify;\">Giusto in questi giorni <strong>il Prowein 2020 \u00e8 stato annullato e rimandato al 2021<\/strong>. Nell&#8217;efficiente -o omertosa, dipende dai punti di vista- Germania, non si \u00e8 parlato di spostare di un paio di mesi la pi\u00f9 importante fiera del vino nazionale, ma di rimandarla direttamente all&#8217;anno successivo. <strong>Perch\u00e8 Verona Fiere invece chiede alle cantine che sono il vero motore economico di Vinitaly di giocare alla roulette russa?<\/strong> Mio nonno mi avrebbe detto, in romagnolo e in modo meno fine, che son tutti bravi a far gli imprenditori con il fondoschiena degli altri&#8230;<\/p>\n<p>[\/et_pb_text][et_pb_text _builder_version=&#8221;4.4.1&#8243; hover_enabled=&#8221;0&#8243;]<\/p>\n<blockquote>\n<p style=\"text-align: justify;\">Gentilissimo Dott. Danese, gent.mo Dott. Mantovani,<br \/>Vi scriviamo per manifestarvi la nostra preoccupazione riguardo un possibile <strong>insuccesso di pubblico professionale per il prossimo Vinitaly<\/strong>, nel momento in cui la manifestazione si realizzasse davvero durante il <strong>prossimo mese di giugno<\/strong>.<br \/>La nostra azienda, come molte altre del settore, ha una quota export discretamente elevata, pari a circa il 50% del fatturato e sviluppata in quasi trenta paesi di tutto il mondo, una delle ragioni per cui abbiamo frequenti, quasi quotidiani, rapporti con il mondo degli importatori. In questi ultimi due mesi abbiamo avuto molte e crescenti indicazioni da parte dei nostri maggiori distributori, abituali frequentatori di Vinitaly, riguardo alla loro intenzione di partecipare alla manifestazione: nessuno, a parte un piccolo importatore russo, ci ha manifestato intenzione di venire a Verona a giugno. Oltretutto, vorremmo anche farvi presente che le decisioni in merito al mercato 2020 sono gi\u00e0 state prese dai nostri importatori e la fiera in giugno sarebbe quindi inutile per molti di loro.<br \/>Si aggiunga a questo l\u2019attuale evoluzione della situazione in Italia, con i gravi e ben noti problemi di carattere sanitario, che ci inducono a ritenere, con una buona approssimazione, la non partecipazione anche degli operatori italiani, i quali, posto che si risolva la questione COVID-19 come tutti ci auguriamo, avranno ben altro da fare che non venire in fiera in pieno periodo estivo.<br \/><strong>Vogliamo forse una fiera frequentata da \u201cappassionati\u201d?<\/strong> Per quanto ci faccia piacere dialogare con chiunque e avere feedback sui nostri prodotti anche da persone non direttamente coinvolte nel circuito commerciale o da semplici consumatori, vi facciamo notare che l\u2019investimento importante che facciamo in quella che forse \u00e8 la maggiore tra le fiere del vino al mondo non sarebbe assolutamente giustificabile. Neppure, crediamo, lo sarebbe per Veronafiere, i cui sforzi per rendere Vinitaly una vera fiera professionale ci sono ben noti e abbiamo apprezzato sempre di pi\u00f9 negli anni: <strong>si rischierebbe di tornare indietro, ai tempi in cui molti la consideravano una sorta di Festa del Vino, piena dei noti problemi che fortunatamente ci siamo lasciati alle spalle.<\/strong><br \/>Da espositori di lungo corso, il nostro primo Vinitaly risale infatti al lontano 1988, vi raccomandiamo caldamente di <strong>riconsiderare l\u2019opportunit\u00e0 di riportare la manifestazione nel suo periodo naturale di aprile, intendendo con questo l\u2019aprile del 2021<\/strong>.<br \/>Da imprenditori ci rendiamo conto che questa cancellazione della manifestazione potrebbe portare qualche <strong>problema di bilancio per Veronafiere S.P.A. e destabilizzare alcuni equilibri, stante l\u2019importanza di Vinitaly per il tessuto economico veronese, ma nel contempo vorremmo significarvi la credibile possibilit\u00e0 che la manifestazione si risolva in un insuccesso clamoroso per gli espositori<\/strong>, quelle centinaia e centinaia di cantine che sono i veri stakeholder della fiera.<br \/>Da ultimo, vorremmo portarvi a conoscenza del fatto che la maggior parte delle imprese medio piccole, quelle cantine che sono il vero motore del Vinitaly, visto che \u00e8 per queste imprese che vengono i visitatori e non certo per quelle poche grandi aziende strutturate con uffici export e viaggiatori dedicati che in ogni caso i clienti li visitano a prescindere da una fiera. Queste medio- piccole imprese con le quali siamo in contatto quotidianamente, manifestano le nostre stesse perplessit\u00e0, stante lo squilibrio assoluto nel rapporto costi-benefici di una fiera organizzata in queste condizioni assolutamente emergenziali.<\/p>\n<div class=\"page\" title=\"Page 3\">\n<div class=\"layoutArea\">\n<div class=\"column\">\n<p style=\"text-align: justify;\"><span><strong>Siamo certi che vorrete invitarci a \u201cscommettere\u201d su un risultato positivo, ma ci preme sottolineare che le \u201cscommesse\u201d non sono parte del DNA di un imprenditore. Un\u2019impresa investe, a volte rischia a ragion veduta, ma non scommette mai<\/strong>.<\/span><\/p>\n<p style=\"text-align: justify;\"><span>Pur comprendendo le pressioni alle quali siete sottoposti dagli enti e ambienti locali, i soli forse che trarrebbero vantaggio dalla manifestazione, pure se questa si rivelasse un insuccesso per gli espositori, vi chiediamo cortesemente di considerare il punto di vista di un\u2019azienda che, per quanto piccola, fa parte di quel tessuto imprenditoriale che fa grande il mondo del vino italiano.<\/span><\/p>\n<p style=\"text-align: justify;\"><span>Certi della vostra attenzione, vi porgiamo i nostri piu\u0300 distinti saluti.<\/span><\/p>\n<p style=\"text-align: right;\"><span>Umberto Casagrande Cosmo &#8211; Bellenda srl<\/span><\/p>\n<\/div>\n<\/div>\n<\/div>\n<\/blockquote>\n<p>[\/et_pb_text][et_pb_text _builder_version=&#8221;4.4.1&#8243; hover_enabled=&#8221;0&#8243;]<\/p>\n<p style=\"text-align: justify;\">Come non essere d&#8217;accordo con questa riflessione cos\u00ec lucida e intelligente? Che il Vinitaly 2020 non pu\u00f2 essere a met\u00e0 aprile credo che ormai con le misure prese dal governo \u00e8 sotto gli occhi di tutti&#8230; ma dopo questa lettera scritta da chi il Vinitaly lo vive -e lo paga- non si pu\u00f2 non ritenere necessario che debba essere annullato come il Prowein.<\/p>\n<p style=\"text-align: justify;\">Cara Verona Fiere, fai uno sforzo&#8230; non pensare a prendere un piccolo uovo oggi, ma preoccupati di coccolare la tua gallina affinch\u00e8 ti faccia tante uova per tutti gli anni a venire.<\/p>\n<p style=\"text-align: justify;\">Cheers<span>\ud83e\udd42<\/span><\/p>\n<p style=\"text-align: justify;\">Chiara<\/p>\n<p>[\/et_pb_text][\/et_pb_column][\/et_pb_row][\/et_pb_section]<\/p>\n","protected":false},"excerpt":{"rendered":"<p>Luned\u00ec sera, appena 3 giorni dopo aver pubblicato questo articolo sul Vinitaly 2020 rimandato a giugno, ho ricevuto questa lettera da parte di Umberto Cosmo di Bellenda. Avevo giusto invitato i produttori e gli operatori di settore a scrivermi cosa ne pensavano di questa decisione di Verona Fiere e per questo il messaggio del caro [&hellip;]<\/p>\n","protected":false},"author":49,"featured_media":9465,"comment_status":"open","ping_status":"open","sticky":false,"template":"","format":"standard","meta":{"_et_pb_use_builder":"on","_et_pb_old_content":"","_et_gb_content_width":"2880","footnotes":""},"categories":[374],"tags":[],"class_list":["post-24784","post","type-post","status-publish","format-standard","has-post-thumbnail","hentry","category-eventi-fiere-manifestazioni"],"yoast_head":"<!-- This site is optimized with the Yoast SEO Premium plugin v27.0 (Yoast SEO v27.4) - https:\/\/yoast.com\/product\/yoast-seo-premium-wordpress\/ -->\n<title>Coronavirus Italia: Umberto Cosmo -Bellenda- scrive a Verona Fiere - Perlage Suite<\/title>\n<meta name=\"robots\" content=\"index, follow, max-snippet:-1, max-image-preview:large, max-video-preview:-1\" \/>\n<link rel=\"canonical\" href=\"https:\/\/perlagesuite.com\/en\/coronavirus-italia-umberto-cosmo-bellenda-scrive-a-verona-fiere\/\" \/>\n<meta property=\"og:locale\" content=\"en_GB\" \/>\n<meta property=\"og:type\" content=\"article\" \/>\n<meta property=\"og:title\" content=\"Coronavirus Italia: Umberto Cosmo -Bellenda- scrive a Verona Fiere\" \/>\n<meta property=\"og:description\" content=\"Luned\u00ec sera, appena 3 giorni dopo aver pubblicato questo articolo sul Vinitaly 2020 rimandato a giugno, ho ricevuto questa lettera da parte di Umberto Cosmo di Bellenda. Avevo giusto invitato i produttori e gli operatori di settore a scrivermi cosa ne pensavano di questa decisione di Verona Fiere e per questo il messaggio del caro [&hellip;]\" \/>\n<meta property=\"og:url\" content=\"https:\/\/perlagesuite.com\/en\/coronavirus-italia-umberto-cosmo-bellenda-scrive-a-verona-fiere\/\" \/>\n<meta property=\"og:site_name\" content=\"Perlage Suite\" \/>\n<meta property=\"article:publisher\" content=\"https:\/\/www.facebook.com\/chiarabassiperlagesuite\" \/>\n<meta property=\"article:published_time\" content=\"2020-03-13T12:42:39+00:00\" \/>\n<meta property=\"article:modified_time\" content=\"2020-10-15T09:46:40+00:00\" \/>\n<meta property=\"og:image\" content=\"https:\/\/perlagesuite.com\/wp-content\/uploads\/2017\/05\/bellenda-vini-prosecco-metodo-classico.jpg\" \/>\n\t<meta property=\"og:image:width\" content=\"1080\" \/>\n\t<meta property=\"og:image:height\" content=\"720\" \/>\n\t<meta property=\"og:image:type\" content=\"image\/jpeg\" \/>\n<meta name=\"author\" content=\"Chiara Bassi\" \/>\n<meta name=\"twitter:card\" content=\"summary_large_image\" \/>\n<meta name=\"twitter:creator\" content=\"@perlagesuite\" \/>\n<meta name=\"twitter:site\" content=\"@perlagesuite\" \/>\n<meta name=\"twitter:label1\" content=\"Written by\" \/>\n\t<meta name=\"twitter:data1\" content=\"Chiara Bassi\" \/>\n\t<meta name=\"twitter:label2\" content=\"Estimated reading time\" \/>\n\t<meta name=\"twitter:data2\" content=\"7 minutes\" \/>\n<script type=\"application\/ld+json\" class=\"yoast-schema-graph\">{\"@context\":\"https:\\\/\\\/schema.org\",\"@graph\":[{\"@type\":\"Article\",\"@id\":\"https:\\\/\\\/perlagesuite.com\\\/coronavirus-italia-umberto-cosmo-bellenda-scrive-a-verona-fiere\\\/#article\",\"isPartOf\":{\"@id\":\"https:\\\/\\\/perlagesuite.com\\\/coronavirus-italia-umberto-cosmo-bellenda-scrive-a-verona-fiere\\\/\"},\"author\":{\"name\":\"Chiara Bassi\",\"@id\":\"https:\\\/\\\/perlagesuite.com\\\/#\\\/schema\\\/person\\\/81b257517a1007c1a823318ac86c6013\"},\"headline\":\"Coronavirus Italia: Umberto Cosmo -Bellenda- scrive a Verona Fiere\",\"datePublished\":\"2020-03-13T12:42:39+00:00\",\"dateModified\":\"2020-10-15T09:46:40+00:00\",\"mainEntityOfPage\":{\"@id\":\"https:\\\/\\\/perlagesuite.com\\\/coronavirus-italia-umberto-cosmo-bellenda-scrive-a-verona-fiere\\\/\"},\"wordCount\":1470,\"commentCount\":0,\"publisher\":{\"@id\":\"https:\\\/\\\/perlagesuite.com\\\/#organization\"},\"image\":{\"@id\":\"https:\\\/\\\/perlagesuite.com\\\/coronavirus-italia-umberto-cosmo-bellenda-scrive-a-verona-fiere\\\/#primaryimage\"},\"thumbnailUrl\":\"https:\\\/\\\/perlagesuite.com\\\/wp-content\\\/uploads\\\/2017\\\/05\\\/bellenda-vini-prosecco-metodo-classico.jpg\",\"articleSection\":[\"Eventi, Fiere &amp; Manifestazioni\"],\"inLanguage\":\"en-GB\",\"potentialAction\":[{\"@type\":\"CommentAction\",\"name\":\"Comment\",\"target\":[\"https:\\\/\\\/perlagesuite.com\\\/coronavirus-italia-umberto-cosmo-bellenda-scrive-a-verona-fiere\\\/#respond\"]}]},{\"@type\":\"WebPage\",\"@id\":\"https:\\\/\\\/perlagesuite.com\\\/coronavirus-italia-umberto-cosmo-bellenda-scrive-a-verona-fiere\\\/\",\"url\":\"https:\\\/\\\/perlagesuite.com\\\/coronavirus-italia-umberto-cosmo-bellenda-scrive-a-verona-fiere\\\/\",\"name\":\"Coronavirus Italia: Umberto Cosmo -Bellenda- scrive a Verona Fiere - Perlage Suite\",\"isPartOf\":{\"@id\":\"https:\\\/\\\/perlagesuite.com\\\/#website\"},\"primaryImageOfPage\":{\"@id\":\"https:\\\/\\\/perlagesuite.com\\\/coronavirus-italia-umberto-cosmo-bellenda-scrive-a-verona-fiere\\\/#primaryimage\"},\"image\":{\"@id\":\"https:\\\/\\\/perlagesuite.com\\\/coronavirus-italia-umberto-cosmo-bellenda-scrive-a-verona-fiere\\\/#primaryimage\"},\"thumbnailUrl\":\"https:\\\/\\\/perlagesuite.com\\\/wp-content\\\/uploads\\\/2017\\\/05\\\/bellenda-vini-prosecco-metodo-classico.jpg\",\"datePublished\":\"2020-03-13T12:42:39+00:00\",\"dateModified\":\"2020-10-15T09:46:40+00:00\",\"breadcrumb\":{\"@id\":\"https:\\\/\\\/perlagesuite.com\\\/coronavirus-italia-umberto-cosmo-bellenda-scrive-a-verona-fiere\\\/#breadcrumb\"},\"inLanguage\":\"en-GB\",\"potentialAction\":[{\"@type\":\"ReadAction\",\"target\":[\"https:\\\/\\\/perlagesuite.com\\\/coronavirus-italia-umberto-cosmo-bellenda-scrive-a-verona-fiere\\\/\"]}]},{\"@type\":\"ImageObject\",\"inLanguage\":\"en-GB\",\"@id\":\"https:\\\/\\\/perlagesuite.com\\\/coronavirus-italia-umberto-cosmo-bellenda-scrive-a-verona-fiere\\\/#primaryimage\",\"url\":\"https:\\\/\\\/perlagesuite.com\\\/wp-content\\\/uploads\\\/2017\\\/05\\\/bellenda-vini-prosecco-metodo-classico.jpg\",\"contentUrl\":\"https:\\\/\\\/perlagesuite.com\\\/wp-content\\\/uploads\\\/2017\\\/05\\\/bellenda-vini-prosecco-metodo-classico.jpg\",\"width\":1080,\"height\":720,\"caption\":\"coronavirus italia bellenda vinitaly 2020\"},{\"@type\":\"BreadcrumbList\",\"@id\":\"https:\\\/\\\/perlagesuite.com\\\/coronavirus-italia-umberto-cosmo-bellenda-scrive-a-verona-fiere\\\/#breadcrumb\",\"itemListElement\":[{\"@type\":\"ListItem\",\"position\":1,\"name\":\"Home\",\"item\":\"https:\\\/\\\/perlagesuite.com\\\/\"},{\"@type\":\"ListItem\",\"position\":2,\"name\":\"Coronavirus Italia: Umberto Cosmo -Bellenda- scrive a Verona Fiere\"}]},{\"@type\":\"WebSite\",\"@id\":\"https:\\\/\\\/perlagesuite.com\\\/#website\",\"url\":\"https:\\\/\\\/perlagesuite.com\\\/\",\"name\":\"Perlage Suite\",\"description\":\"Il Wine Blog di Chiara Bassi\",\"publisher\":{\"@id\":\"https:\\\/\\\/perlagesuite.com\\\/#organization\"},\"potentialAction\":[{\"@type\":\"SearchAction\",\"target\":{\"@type\":\"EntryPoint\",\"urlTemplate\":\"https:\\\/\\\/perlagesuite.com\\\/?s={search_term_string}\"},\"query-input\":{\"@type\":\"PropertyValueSpecification\",\"valueRequired\":true,\"valueName\":\"search_term_string\"}}],\"inLanguage\":\"en-GB\"},{\"@type\":\"Organization\",\"@id\":\"https:\\\/\\\/perlagesuite.com\\\/#organization\",\"name\":\"Chiara Bassi\",\"url\":\"https:\\\/\\\/perlagesuite.com\\\/\",\"logo\":{\"@type\":\"ImageObject\",\"inLanguage\":\"en-GB\",\"@id\":\"https:\\\/\\\/perlagesuite.com\\\/#\\\/schema\\\/logo\\\/image\\\/\",\"url\":\"https:\\\/\\\/perlagesuite.com\\\/wp-content\\\/uploads\\\/2022\\\/03\\\/Chiara-Bassi-sommelier-wine-blogger-logo.png\",\"contentUrl\":\"https:\\\/\\\/perlagesuite.com\\\/wp-content\\\/uploads\\\/2022\\\/03\\\/Chiara-Bassi-sommelier-wine-blogger-logo.png\",\"width\":512,\"height\":512,\"caption\":\"Chiara Bassi\"},\"image\":{\"@id\":\"https:\\\/\\\/perlagesuite.com\\\/#\\\/schema\\\/logo\\\/image\\\/\"},\"sameAs\":[\"https:\\\/\\\/www.facebook.com\\\/chiarabassiperlagesuite\",\"https:\\\/\\\/x.com\\\/perlagesuite\",\"https:\\\/\\\/www.instagram.com\\\/perlagesuite\\\/\"]},{\"@type\":\"Person\",\"@id\":\"https:\\\/\\\/perlagesuite.com\\\/#\\\/schema\\\/person\\\/81b257517a1007c1a823318ac86c6013\",\"name\":\"Chiara Bassi\",\"image\":{\"@type\":\"ImageObject\",\"inLanguage\":\"en-GB\",\"@id\":\"https:\\\/\\\/secure.gravatar.com\\\/avatar\\\/2d79bd9bb4582f8af9b4c76c8e21c46c1d0c1cde8dc9dc57cf739c0d296754d2?s=96&d=mm&r=g\",\"url\":\"https:\\\/\\\/secure.gravatar.com\\\/avatar\\\/2d79bd9bb4582f8af9b4c76c8e21c46c1d0c1cde8dc9dc57cf739c0d296754d2?s=96&d=mm&r=g\",\"contentUrl\":\"https:\\\/\\\/secure.gravatar.com\\\/avatar\\\/2d79bd9bb4582f8af9b4c76c8e21c46c1d0c1cde8dc9dc57cf739c0d296754d2?s=96&d=mm&r=g\",\"caption\":\"Chiara Bassi\"},\"sameAs\":[\"https:\\\/\\\/perlagesuite.com\"]}]}<\/script>\n<!-- \/ Yoast SEO Premium plugin. -->","yoast_head_json":{"title":"Coronavirus Italy: Umberto Cosmo -Bellenda- writes at Verona Fiere - Perlage Suite","robots":{"index":"index","follow":"follow","max-snippet":"max-snippet:-1","max-image-preview":"max-image-preview:large","max-video-preview":"max-video-preview:-1"},"canonical":"https:\/\/perlagesuite.com\/en\/coronavirus-italia-umberto-cosmo-bellenda-scrive-a-verona-fiere\/","og_locale":"en_GB","og_type":"article","og_title":"Coronavirus Italia: Umberto Cosmo -Bellenda- scrive a Verona Fiere","og_description":"Luned\u00ec sera, appena 3 giorni dopo aver pubblicato questo articolo sul Vinitaly 2020 rimandato a giugno, ho ricevuto questa lettera da parte di Umberto Cosmo di Bellenda. Avevo giusto invitato i produttori e gli operatori di settore a scrivermi cosa ne pensavano di questa decisione di Verona Fiere e per questo il messaggio del caro [&hellip;]","og_url":"https:\/\/perlagesuite.com\/en\/coronavirus-italia-umberto-cosmo-bellenda-scrive-a-verona-fiere\/","og_site_name":"Perlage Suite","article_publisher":"https:\/\/www.facebook.com\/chiarabassiperlagesuite","article_published_time":"2020-03-13T12:42:39+00:00","article_modified_time":"2020-10-15T09:46:40+00:00","og_image":[{"width":1080,"height":720,"url":"https:\/\/perlagesuite.com\/wp-content\/uploads\/2017\/05\/bellenda-vini-prosecco-metodo-classico.jpg","type":"image\/jpeg"}],"author":"Chiara Bassi","twitter_card":"summary_large_image","twitter_creator":"@perlagesuite","twitter_site":"@perlagesuite","twitter_misc":{"Written by":"Chiara Bassi","Estimated reading time":"7 minutes"},"schema":{"@context":"https:\/\/schema.org","@graph":[{"@type":"Article","@id":"https:\/\/perlagesuite.com\/coronavirus-italia-umberto-cosmo-bellenda-scrive-a-verona-fiere\/#article","isPartOf":{"@id":"https:\/\/perlagesuite.com\/coronavirus-italia-umberto-cosmo-bellenda-scrive-a-verona-fiere\/"},"author":{"name":"Chiara Bassi","@id":"https:\/\/perlagesuite.com\/#\/schema\/person\/81b257517a1007c1a823318ac86c6013"},"headline":"Coronavirus Italia: Umberto Cosmo -Bellenda- scrive a Verona Fiere","datePublished":"2020-03-13T12:42:39+00:00","dateModified":"2020-10-15T09:46:40+00:00","mainEntityOfPage":{"@id":"https:\/\/perlagesuite.com\/coronavirus-italia-umberto-cosmo-bellenda-scrive-a-verona-fiere\/"},"wordCount":1470,"commentCount":0,"publisher":{"@id":"https:\/\/perlagesuite.com\/#organization"},"image":{"@id":"https:\/\/perlagesuite.com\/coronavirus-italia-umberto-cosmo-bellenda-scrive-a-verona-fiere\/#primaryimage"},"thumbnailUrl":"https:\/\/perlagesuite.com\/wp-content\/uploads\/2017\/05\/bellenda-vini-prosecco-metodo-classico.jpg","articleSection":["Eventi, Fiere &amp; Manifestazioni"],"inLanguage":"en-GB","potentialAction":[{"@type":"CommentAction","name":"Comment","target":["https:\/\/perlagesuite.com\/coronavirus-italia-umberto-cosmo-bellenda-scrive-a-verona-fiere\/#respond"]}]},{"@type":"WebPage","@id":"https:\/\/perlagesuite.com\/coronavirus-italia-umberto-cosmo-bellenda-scrive-a-verona-fiere\/","url":"https:\/\/perlagesuite.com\/coronavirus-italia-umberto-cosmo-bellenda-scrive-a-verona-fiere\/","name":"Coronavirus Italy: Umberto Cosmo -Bellenda- writes at Verona Fiere - Perlage Suite","isPartOf":{"@id":"https:\/\/perlagesuite.com\/#website"},"primaryImageOfPage":{"@id":"https:\/\/perlagesuite.com\/coronavirus-italia-umberto-cosmo-bellenda-scrive-a-verona-fiere\/#primaryimage"},"image":{"@id":"https:\/\/perlagesuite.com\/coronavirus-italia-umberto-cosmo-bellenda-scrive-a-verona-fiere\/#primaryimage"},"thumbnailUrl":"https:\/\/perlagesuite.com\/wp-content\/uploads\/2017\/05\/bellenda-vini-prosecco-metodo-classico.jpg","datePublished":"2020-03-13T12:42:39+00:00","dateModified":"2020-10-15T09:46:40+00:00","breadcrumb":{"@id":"https:\/\/perlagesuite.com\/coronavirus-italia-umberto-cosmo-bellenda-scrive-a-verona-fiere\/#breadcrumb"},"inLanguage":"en-GB","potentialAction":[{"@type":"ReadAction","target":["https:\/\/perlagesuite.com\/coronavirus-italia-umberto-cosmo-bellenda-scrive-a-verona-fiere\/"]}]},{"@type":"ImageObject","inLanguage":"en-GB","@id":"https:\/\/perlagesuite.com\/coronavirus-italia-umberto-cosmo-bellenda-scrive-a-verona-fiere\/#primaryimage","url":"https:\/\/perlagesuite.com\/wp-content\/uploads\/2017\/05\/bellenda-vini-prosecco-metodo-classico.jpg","contentUrl":"https:\/\/perlagesuite.com\/wp-content\/uploads\/2017\/05\/bellenda-vini-prosecco-metodo-classico.jpg","width":1080,"height":720,"caption":"coronavirus italia bellenda vinitaly 2020"},{"@type":"BreadcrumbList","@id":"https:\/\/perlagesuite.com\/coronavirus-italia-umberto-cosmo-bellenda-scrive-a-verona-fiere\/#breadcrumb","itemListElement":[{"@type":"ListItem","position":1,"name":"Home","item":"https:\/\/perlagesuite.com\/"},{"@type":"ListItem","position":2,"name":"Coronavirus Italia: Umberto Cosmo -Bellenda- scrive a Verona Fiere"}]},{"@type":"WebSite","@id":"https:\/\/perlagesuite.com\/#website","url":"https:\/\/perlagesuite.com\/","name":"Perlage Suite","description":"Chiara Bassi's Wine Blog","publisher":{"@id":"https:\/\/perlagesuite.com\/#organization"},"potentialAction":[{"@type":"SearchAction","target":{"@type":"EntryPoint","urlTemplate":"https:\/\/perlagesuite.com\/?s={search_term_string}"},"query-input":{"@type":"PropertyValueSpecification","valueRequired":true,"valueName":"search_term_string"}}],"inLanguage":"en-GB"},{"@type":"Organization","@id":"https:\/\/perlagesuite.com\/#organization","name":"Chiara Bassi","url":"https:\/\/perlagesuite.com\/","logo":{"@type":"ImageObject","inLanguage":"en-GB","@id":"https:\/\/perlagesuite.com\/#\/schema\/logo\/image\/","url":"https:\/\/perlagesuite.com\/wp-content\/uploads\/2022\/03\/Chiara-Bassi-sommelier-wine-blogger-logo.png","contentUrl":"https:\/\/perlagesuite.com\/wp-content\/uploads\/2022\/03\/Chiara-Bassi-sommelier-wine-blogger-logo.png","width":512,"height":512,"caption":"Chiara Bassi"},"image":{"@id":"https:\/\/perlagesuite.com\/#\/schema\/logo\/image\/"},"sameAs":["https:\/\/www.facebook.com\/chiarabassiperlagesuite","https:\/\/x.com\/perlagesuite","https:\/\/www.instagram.com\/perlagesuite\/"]},{"@type":"Person","@id":"https:\/\/perlagesuite.com\/#\/schema\/person\/81b257517a1007c1a823318ac86c6013","name":"Chiara Bassi","image":{"@type":"ImageObject","inLanguage":"en-GB","@id":"https:\/\/secure.gravatar.com\/avatar\/2d79bd9bb4582f8af9b4c76c8e21c46c1d0c1cde8dc9dc57cf739c0d296754d2?s=96&d=mm&r=g","url":"https:\/\/secure.gravatar.com\/avatar\/2d79bd9bb4582f8af9b4c76c8e21c46c1d0c1cde8dc9dc57cf739c0d296754d2?s=96&d=mm&r=g","contentUrl":"https:\/\/secure.gravatar.com\/avatar\/2d79bd9bb4582f8af9b4c76c8e21c46c1d0c1cde8dc9dc57cf739c0d296754d2?s=96&d=mm&r=g","caption":"Chiara Bassi"},"sameAs":["https:\/\/perlagesuite.com"]}]}},"_links":{"self":[{"href":"https:\/\/perlagesuite.com\/en\/wp-json\/wp\/v2\/posts\/24784","targetHints":{"allow":["GET"]}}],"collection":[{"href":"https:\/\/perlagesuite.com\/en\/wp-json\/wp\/v2\/posts"}],"about":[{"href":"https:\/\/perlagesuite.com\/en\/wp-json\/wp\/v2\/types\/post"}],"author":[{"embeddable":true,"href":"https:\/\/perlagesuite.com\/en\/wp-json\/wp\/v2\/users\/49"}],"replies":[{"embeddable":true,"href":"https:\/\/perlagesuite.com\/en\/wp-json\/wp\/v2\/comments?post=24784"}],"version-history":[{"count":0,"href":"https:\/\/perlagesuite.com\/en\/wp-json\/wp\/v2\/posts\/24784\/revisions"}],"wp:featuredmedia":[{"embeddable":true,"href":"https:\/\/perlagesuite.com\/en\/wp-json\/wp\/v2\/media\/9465"}],"wp:attachment":[{"href":"https:\/\/perlagesuite.com\/en\/wp-json\/wp\/v2\/media?parent=24784"}],"wp:term":[{"taxonomy":"category","embeddable":true,"href":"https:\/\/perlagesuite.com\/en\/wp-json\/wp\/v2\/categories?post=24784"},{"taxonomy":"post_tag","embeddable":true,"href":"https:\/\/perlagesuite.com\/en\/wp-json\/wp\/v2\/tags?post=24784"}],"curies":[{"name":"wp","href":"https:\/\/api.w.org\/{rel}","templated":true}]}}