{"id":27726,"date":"2021-01-08T18:06:52","date_gmt":"2021-01-08T17:06:52","guid":{"rendered":"https:\/\/perlagesuite.com\/?p=27726"},"modified":"2022-04-14T01:06:43","modified_gmt":"2022-04-14T00:06:43","slug":"violenza-sulle-donne-una-riflessione-da-donna","status":"publish","type":"post","link":"https:\/\/perlagesuite.com\/en\/violenza-sulle-donne-una-riflessione-da-donna\/","title":{"rendered":"Violence against women: a woman's reflection"},"content":{"rendered":"<p>[et_pb_section fb_built=&#8221;1&#8243; _builder_version=&#8221;4.7.7&#8243; _module_preset=&#8221;default&#8221;][et_pb_row _builder_version=&#8221;4.7.7&#8243; _module_preset=&#8221;default&#8221;][et_pb_column type=&#8221;4_4&#8243; _builder_version=&#8221;4.7.7&#8243; _module_preset=&#8221;default&#8221;][et_pb_text _builder_version=&#8221;4.7.7&#8243; _module_preset=&#8221;default&#8221; hover_enabled=&#8221;0&#8243; sticky_enabled=&#8221;0&#8243;]<\/p>\n<p style=\"text-align: justify;\">Mi ero ripromessa di finire questo articolo domenica perch\u00e8 attualmente sto studiando per l&#8217;esame di Storia dell&#8217;Enogastronomia (fammi un bel &#8220;in bocca al lupo&#8221;, ho l&#8217;esame il 14 gennaio!), tuttavia dopo aver scritto questo articolo &#8220;<a href=\"https:\/\/perlagesuite.com\/donne-del-vino-wine-influencer\/\" target=\"_blank\" rel=\"noopener noreferrer\"><span style=\"text-decoration: underline;\"><strong>Donne del vino e critiche: mi avete davvero rotto i &#8230; grissini!<\/strong><\/span><\/a>&#8221; e aver assistito a un tam tam inaspettato sui Social Network devo aggiungere ancora qualcosa. <strong>Per me la situazione \u00e8 sfuggita di mano a tutte. State immolando Ziliani sull&#8217;altare di un femminismo di cui onestamente mi sto vergognando. E mi sto vergognando da Donna<\/strong>. Mai, e sottolineo mai, soprattutto con i diverbi &#8211; anche accesi &#8211; del passato avrei pensato di scrivere un articolo che qualcuno potr\u00e0 leggere come una difesa di Franco Ziliani. Oltretutto questa riflessione casca a fagiolo perch\u00e8 non pi\u00f9 tardi di una decina di giorni fa ho discusso animatamente con mio marito Francesco sulla situazione della donna e nel dettaglio sulle terribili, e ancora una volta <strong>imbarazzanti, quote rosa<\/strong>.<\/p>\n<p style=\"text-align: justify;\">Allora, <strong>che Franco Ziliani abbia scritto un articolo provocatorio e a tratti &#8220;triste&#8221; utilizzando espressioni che poteva evitare sai gi\u00e0 che lo penso<\/strong>. E lo sa anche lui che lo penso. A me oltretutto dispiace perch\u00e8 l&#8217;oggetto della critica &#8211; corretta e legittima perch\u00e8 \u00e8 stata davvero una supercazzola quella sparata da Laura Donadoni &#8211; \u00e8 passato in secondo piano. E se qualcuno mi ha obiettato che non si pu\u00f2 valutare la competenza di una persona da un solo argomento rispondo che A) se di un argomento non so sto zitta che garantito ci faccio pi\u00f9 bella figura e B) <strong>il ruolo dello zucchero nel vino \u00e8 qualcosa di fondamentale, una di quelle cose che va sapute e basta<\/strong>. Nessuno sa tutto, il mondo del vino \u00e8 davvero ampio. Tutti dobbiamo imparare e tutti impareremo ogni giorno che passa qualcosina di pi\u00f9. <strong>Un conto per\u00f2 \u00e8 non conoscere un vitigno, un vino o un produttore&#8230; e un conto \u00e8 non sapere come funzionano la vinificazione e il vino<\/strong>.<\/p>\n<blockquote>\n<p style=\"text-align: justify;\"><span>&#8220;Se costei \u00e8 davvero, come la definiscono persone in vena di comicit\u00e0 la \u201cItalian wine ambassador\u201d come pensare che il vino italiano abbia un futuro se non tragico?&#8221;<\/span><\/p>\n<p style=\"text-align: right;\"><span>Dall&#8217;articolo di Franco Ziliani <a href=\"https:\/\/vinoalvino.org\/blog\/2021\/01\/altro-che-maroni-e-gardini-la-vera-immaginifica-del-vino-e-litalian-wine-girl.html\" target=\"_blank\" rel=\"noopener noreferrer\"><span style=\"text-decoration: underline;\"><strong>Altro che Maroni e Gardini, la vera immaginifica del vino \u00e8 l\u2019Italian wine girl!<\/strong><\/span><\/a><\/span><\/p>\n<\/blockquote>\n<p style=\"text-align: justify;\">Ecco, la parte &#8220;come la definiscono persone in vena di comicit\u00e0&#8221; per me \u00e8 sbagliata e denigratoria. Che per\u00f2 un giornalista abbia dei dubbi sul futuro del vino italiano se una persona che viene definita &#8220;Ambasciatrice del vino italiano nel mondo&#8221; non conosce il funzionamento dello zucchero nel vino e nel processo di vinificazione per me \u00e8 pi\u00f9 che lecito.<\/p>\n<p style=\"text-align: justify;\">Il blog di Franco Ziliani \u00e8 uno dei blog sul vino pi\u00f9 letti d&#8217;Italia. Quindi, come ho gi\u00e0 scritto, <strong>Franco per me dovrebbe usare toni pi\u00f9 &#8220;galanti&#8221; e meno polemici e non solo quando si rivolge a una donna bens\u00ec quando si rivolge a tutti quelli che non condivide. Non solo le donne, ma anche gli uomini vanno tutelati<\/strong>. A questo punto per\u00f2 torno al discorso che facevo sulla pasta, della domanda e dell&#8217;offerta: se il blog di Franco Ziliani \u00e8 uno dei pi\u00f9 letti significa che piace. Esattamente come la pasta Barilla o le tette su Instagram. Quindi per me chi fa numeri ha ragione e basta. Franco Ziliani fa numeri facendo polemica.<strong> In Italia la polemica piace o la TV non sarebbe piena di programmi spazzatura con celebrolesi urlanti<\/strong>. Almeno nel blog di Ziliani ci sono anche contenuti interessanti, tra un cinico sarcasmo e l&#8217;altro, cosa che in TV trovo di rado&#8230; e forse per quello mi limito a guardare film su Netflix. Allo stesso modo le Wine Influencer che fanno numeri mostrando cm di pelle. Domanda e offerta in cui tutti hanno ragione. Fine.<\/p>\n<p style=\"text-align: justify;\"><strong>Siamo in un&#8217;epoca dove chi ha il potere dei numeri <\/strong>&#8211; meglio ancora combinati al possesso di dati sensibili &#8211;<strong> comanda il mondo.<\/strong> Per chi aveva ancora un dubbio, Facebook ha dimostrato di essere superiore al Presidente degli Stati Uniti d&#8217;America bloccando il profilo di Trump fin tanto che il neo eletto Presidente Biden si sar\u00e0 insediato.\u00a0E c&#8217;\u00e8 qualcuno che ancora vuole star qui a far della filosofia su cosa sia giusto e cosa sia sbagliato? <strong>Chi fa numeri ha in mano il potere. Chi ha in mano il potere ha ragione, anche se non siamo d&#8217;accordo o non ci piace.<\/strong> Ed \u00e8 ora che ce lo mettiamo tutti in testa.<\/p>\n<p style=\"text-align: justify;\"><strong>Franco Ziliani sbaglia, e di grosso anche, quando &#8211; non considerando il peso che una sua parola pu\u00f2 avere anche solo per la molteplicit\u00e0 di persone che la leggono &#8211; distrugge la reputazione di una persona o un&#8217;azienda<\/strong>. E non mi riferisco tanto a questo caso specifico. Io, nel rispetto delle cantine che sono fatte di persone, se mi arriva un vino pessimo semplicemente lo ignoro. Non mi piace considerare il mio blog uno spazio dove dare sfogo ai miei pi\u00f9 bassi istinti di distruzione. E fidati che, di tanto in tanto, vengono pure a me. <strong>Dietro un vino c&#8217;\u00e8 il lavoro di almeno una famiglia, a volte di pi\u00f9 famiglie, a volte di tantissime famiglie<\/strong>. <strong>L&#8217;intelligenza si dimostra anche \u00a0rispettando questo lavoro, ricollocandosi sul pianeta Terra dove il nostro parere di esperti non \u00e8 la Parola di Dio<\/strong>. Anche se io sono atea, ci siamo capiti. Quello che a me non piace pu\u00f2 piacere a un consumatore meno esperto che &#8211; di conseguenza &#8211; sar\u00e0 il giusto target di quell&#8217;azienda. Ieri ho degustato una serie di vini, uno di questi era a dir poco imbarazzante. Il nome non me lo estorcerai mai.<\/p>\n<p style=\"text-align: justify;\"><strong>Da qui per\u00f2 a definire l&#8217;articolo di Franco Ziliani una violenza sulle donne ne passa di vino nei bicchieri! <\/strong>Leggo il blog di Franco Ziliani da quando faccio la wine blogger &#8211; ovvero dal 2014 &#8211; e ti posso assicurare che lui spara a zero su donne e uomini in egual misura, quindi <strong>sicuramente non \u00e8 sessista<\/strong>. Al pi\u00f9 pecca di presunzione quando a priori considera una persona pi\u00f9 giovane di lui meno preparata. Ecco, questo di Franco onestamente mi fa arrabbiare: <strong>la mia esperienza non \u00e8 fatta dagli anni che ho<\/strong> &#8211; e sono comunque gi\u00e0 35 &#8211;<strong>\u00a0ma da ci\u00f2 che ho studiato e bevuto. <\/strong>Tanto per farla semplice, a prova di duro di comprendonio: tu preferiresti farti operare al cuore da un medico di base di 65 anni o da un cardiochirurgo di 35? Avere pi\u00f9 di 60 anni e trent&#8217;anni o pi\u00f9 di esperienza in un qualsiasi settore non \u00e8 di per s\u00e9 una garanzia di competenza. La garanzia di competenza \u00e8 che la persona sia preparata e si mantenga costantemente aggiornata. Poi certo, trent&#8217;anni o pi\u00f9 di esperienza &#8211; se spesi bene &#8211; rendono quella persona particolarmente preparata. Tuttavia non dobbiamo mai giudicare a priori, su niente. Anche perch\u00e8 la cultura \u00e8 piena di sfumature e in questa diversit\u00e0 sta la sua bellezza. Le sfumature sono i nostri interessi, i nostri stimoli e questi creano un diverso approccio e una diversa sensibilit\u00e0 alle cose. Franco Ziliani non dovrebbe &#8220;fare la guerra&#8221; ai giovani, ma al pi\u00f9 aiutarli a crescere come farebbe un &#8220;padre&#8221;.\u00a0<strong>Gi\u00e0 l&#8217;Italia \u00e8 un Paese che tutela i vecchi e uccide i giovani, dove io devo lavorare per mantenere novantenni che sono un peso per lo Stato da pi\u00f9 di cinquant&#8217;anni grazie alle Baby Pensioni<\/strong>. E perdonatemi se sono politicamente scorretta a dirlo, ma a me sta cosa fa incazzare non tanto, tantissimo. Ci manca solo che i giornalisti della vecchia guardia considerano noi giovani dei cretini a priori. <strong>I cretini non hanno et\u00e0. Esattamente come gli incompetenti.<\/strong><span style=\"text-align: right;\"><\/span><\/p>\n<p>[\/et_pb_text][et_pb_text _builder_version=&#8221;4.7.7&#8243; _module_preset=&#8221;default&#8221;]<\/p>\n<p style=\"text-align: justify;\"><strong>In questi giorni per\u00f2 ho visto spese per Ziliani critiche molto pi\u00f9 pesanti di quelle che lui ha rivolto a Laura Donadoni.<\/strong> Ho addirittura letto che lui avrebbe avuto i suoi due minuti di notoriet\u00e0 grazie a lei. Adesso non esageriamo, al pi\u00f9 \u00e8 lei che cavalca l&#8217;onda per avere pubblicit\u00e0. E sia chiaro che per me Laura fa benissimo (avrei fatto la stessa cosa): come ho gi\u00e0 detto <strong>la pubblicit\u00e0 non \u00e8 mai abbastanza<\/strong>.<\/p>\n<blockquote>\n<p style=\"text-align: justify;\"><span>&#8220;e cui recenti foto mi fanno pensare che sia profondamente cambiata dalla very charming lady che era una volta visto che \u00e8 diventata magra stinca da mettere tristezza (sar\u00e0 mica diventata vegana?)&#8221;<\/span><\/p>\n<p style=\"text-align: right;\"><span>Dall&#8217;articolo di Franco Ziliani <a href=\"https:\/\/vinoalvino.org\/blog\/2021\/01\/altro-che-maroni-e-gardini-la-vera-immaginifica-del-vino-e-litalian-wine-girl.html\" target=\"_blank\" rel=\"noopener noreferrer\"><strong>Altro che Maroni e Gardini, la vera immaginifica del vino \u00e8 l\u2019Italian wine girl!<\/strong><\/a><\/span><\/p>\n<\/blockquote>\n<p style=\"text-align: justify;\"><span><strong>Siamo tutti d&#8217;accordo che questo commento sull&#8217;aspetto di Laura sia fuori posto. <\/strong>Provo a rivolgermi le stesse parole.<strong>\u00a0<\/strong>Di fatto \u00e8 come che qualcuno scrivesse di me che sono meno affascinante di una volta perch\u00e8 sovrappeso. Ohib\u00f2, non mi dire! Penso che \u00e8 vero, non a caso mi sono messa a dieta! Che io sia sovrappeso e Laura molto magra \u00e8 un dato di fatto, penso che lo sappiamo entrambe. <strong>Non serve scriverlo, n\u00e9 dircelo. Tuttavia definirlo un atto di sessismo, cyber bullismo e violenza sulle donne scusa, ma mi fa incazzare.<\/strong><\/span><\/p>\n<p style=\"text-align: justify;\"><strong>Posso solo dire: beate voi che la violenza psicologica o fisica non sapete come \u00e8 fatta<\/strong>. Ho vissuto tre esperienze nella mia vita di violenza psicologica che per fortuna fanno parte ormai del mio passato. La peggiore \u00e8 stata con il mio ultimo ex, perch\u00e8 si \u00e8 protratta nei giorni e nei mesi appena successivi alla morte del mio amatissimo padre. Il periodo della mia vita in cui sono stata pi\u00f9 fragile. Le persone tossiche si insinuano sempre nei momenti in cui siamo pi\u00f9 deboli e a volte uscirne \u00e8 davvero molto dura perch\u00e8 siamo ormai entrati nella spirale della svalutazione. Ci siamo convinte di non valere molto e meritare meno.<\/p>\n<p style=\"text-align: justify;\">Oggi sono di nuovo quella di prima, anzi se posso dirlo ho forse ancora pi\u00f9 autostima di prima.\u00a0La mia salvezza \u00e8 stata mio marito Francesco che mi ha ricordato cosa significa sentirsi amata e apprezzata dopo un uomo violento che mi ha demolita per ben 9 mesi facendomi sentire costantemente una merda sia sul piano fisico, sia sul piano lavorativo, sia sul piano delle prospettive future. Va da s\u00e9 che lui invece \u00e8 brutto sul serio, dentro e fuori, e in tempi normali &#8211; ovvero lontani dalla malattia di mio padre &#8211; non lo avrei mai degnato di uno sguardo.<\/p>\n<p style=\"text-align: justify;\">Quindi <strong>scusami se non accetto che una frase di troppo scritta su un blog, pur sbagliata che sia, sia definita violenza psicologica.<\/strong> &#8220;<strong>La violenza psicologica<\/strong><span><strong> \u00e8 un insieme di atti, parole o sevizie morali, minacce e intimidazioni utilizzati come strumento di costrizione e di oppressione per obbligare gli altri ad agire contro la propria volont\u00e0&#8221;<\/strong>. Ziliani non ha minacciato Laura Donadoni n\u00e9 l&#8217;ha obbligata a fare niente contro la sua volont\u00e0.\u00a0<\/span><\/p>\n<p style=\"text-align: justify;\"><span>Vuoi tirare fuori l&#8217;argomento della violenza di genere? Si definisce violenza sulle donne:<\/span><\/p>\n<blockquote>\n<p style=\"text-align: justify;\"><strong>&#8220;Qualsiasi atto di violenza per motivi di genere che provochi o possa verosimilmente provocare danno fisico, sessuale o psicologico, comprese le minacce di violenza, la coercizione o privazione arbitraria della libert\u00e0 personale, sia nella vita pubblica che privata&#8221;.<\/strong><\/p>\n<p style=\"text-align: right;\"><span>Dalla &#8220;Dichiarazione sull&#8217;eliminazione della violenza contro le donne&#8221; approvata dall&#8217;ONU nel 1993<\/span><\/p>\n<\/blockquote>\n<p style=\"text-align: justify;\">\n<p>[\/et_pb_text][et_pb_text _builder_version=&#8221;4.7.7&#8243; _module_preset=&#8221;default&#8221;]<\/p>\n<p style=\"text-align: justify;\"><strong>Definire il &#8220;caso Ziliani-Donadoni&#8221; un caso di violenza sulle donne \u00e8 una cosa gravissima perch\u00e8 abbassa la gravit\u00e0 percepita della violenza sulle donne, quella vera.<\/strong><\/p>\n<p style=\"text-align: justify;\">Care donne, perdonatemi se dico che da quello che ho letto mi \u00e8 chiaro che la stragrande maggioranza di voi non sa cos&#8217;\u00e8 la violenza sulle donne. Questo mi fa molto piacere: vi auguro di restare nell&#8217;ignoranza.\u00a0Tuttavia, permettetemi di farvi un breve elenco che possa illuminarvi o ricordarvi di cos&#8217;\u00e8 la violenza sulle donne.<\/p>\n<p style=\"text-align: justify;\">Esiste la violenza sulle donne nell&#8217;ambiente domestico esercitata attraverso minacce, maltrattamenti fisici o psicologici, botte, abusi sessuali, controllo del denaro, divieto di intraprendere attivit\u00e0 lavorative, divieto di patrimonio, delitti d&#8217;onore e uxoricidi passionali o premeditati. E non voglio parlare dell&#8217;incesto soprattutto delle figlie minori di cui le madri sono obbligate ad essere segretamente complici.<\/p>\n<p style=\"text-align: justify;\">Esiste la violenza sulle donne nell&#8217;ambiente lavorativo esercitata attraverso molestie sessuali, abusi sessuali, ricatti sessuali e stupri. Verso le lesbiche ancora oggi vengono praticati i cossiddetti &#8220;stupri correttivi&#8221;.<\/p>\n<p style=\"text-align: justify;\">Esiste sulle donne nell&#8217;ambiente sociale la schiavit\u00f9 sessuale, i matrimoni coatti, la prostituzione forzata, le vittime di tratta e lo stupro etnico. E non voglio parlare delle mutilazioni genitali femminili e di altre pratiche barbare.<\/p>\n<p style=\"text-align: justify;\">Oltre al femminicidio che tutti conosciamo non vorrei dimenticaste anche il femminicidio sistemico che avviene ad esempio in India e in Cina. Questo si concretizza nell&#8217;aborto selettivo: le donne vengono indotte a partorire solo figli maschi perch\u00e8 pi\u00f9 desiderati e accettati socialmente. Parliamo di circa 117 milioni di bambine uccise per la politica del figlio unico fino al 2015 (anche se in alcune aree rurali il problema \u00e8 presente ancora adesso) prima o dopo la nascita. Si parla di 23 milioni di aborti selettivi di cui circa 12 milioni in Cina. Di donne vittime o carnefici col cuore straziato per colpa di una stupida tradizione.<\/p>\n<p style=\"text-align: justify;\">Scusa se mi allungo dicendo che una stima dice che le donne mancanti in Cina sono circa 40 milioni.\u00a0Le \u201cdonne mancanti di oggi\u201d sono le bambine mai nate tra gli anni Ottanta e Novanta, le bambine uccise subito dopo la nascita o quelle abbandonate nei primi mesi di vita. Il risultato? Si stima che entro il 2030 il 25% dei trentenni cinesi non trover\u00e0 mai una donna da sposare. Ed \u00e8 cos\u00ec che si incrementa la tratta delle donne dal povero Myanmar, dove minorenni sono vendute per cifre che vanno dai 3.000 ai 13.000 dollari.<\/p>\n<p style=\"text-align: justify;\">\n<p>[\/et_pb_text][et_pb_text _builder_version=&#8221;4.7.7&#8243; _module_preset=&#8221;default&#8221;]<\/p>\n<p style=\"text-align: justify;\"><strong>Senza andare dall&#8217;altra parte del mondo, in Italia ogni anno migliaia di donne subiscono violenza fisica o psicologica. Le donne ancora oggi faticano a fare carriera nel contesto lavorativo a causa della maternit\u00e0.\u00a0<\/strong>La parit\u00e0 dei sessi nel 2021 non esiste ancora, ma non saranno n\u00e9 le quote rosa n\u00e9 il vittimismo ingiustificato a risolvere questa grande piaga dell&#8217;umanit\u00e0.<\/p>\n<p style=\"text-align: justify;\"><strong>Sono stata tra le prime a rispondere a Franco Ziliani dicendogli di smetterla con certe battute inutili e fuori luogo. A distanza di 4 giorni, dopo tutte le cazzate che ho letto sui Social, ci tengo a dire che io mi dissocio dalla definizione di violenza sulle donne che \u00e8 stata data a quanto accaduto<\/strong>. Se prima \u00e8 stato Franco a buttare una giusta osservazione in caciara con i suoi modi poco galanti (direi pi\u00f9 velenosi e pieni di un inutile sarcasmo), ora siete state voi donne del vino ad aver buttato in caciara la mia risposta e quanto \u00e8 accaduto a Laura. <strong>Care colleghe, care donne del vino: piuttosto rispondete a Franco con le vostre argomentazioni dimostrando che ha rotto i grissini a tutti con la sua penna velenosa.<\/strong><\/p>\n<p style=\"text-align: justify;\"><strong>Col cuore, da donna a donna, vi chiedo invece di smetterla di parlare di violenza. Se volete <\/strong>&#8211; come me &#8211;<strong> lottare contro la violenza sulle donne cominciate con il dare alle cose il giusto nome e, soprattutto, il giusto peso.<\/strong><\/p>\n<p>Cheers\u00a0<span>\ud83c\udf77<\/span><\/p>\n<p>Chiara<\/p>\n<p><strong>P.S. Il commento del produttore Favaro invece resta sessista e inqualificabile.<\/strong><\/p>\n<p>P.P.S. Puoi scorrere la pagina per lasciare un commento, mi farebbe piacere mi scrivessi anche qui cosa ne pensi!<\/p>\n<p>[\/et_pb_text][et_pb_divider color=&#8221;#da413d&#8221; _builder_version=&#8221;4.7.7&#8243; _module_preset=&#8221;default&#8221;][\/et_pb_divider][\/et_pb_column][\/et_pb_row][et_pb_row column_structure=&#8221;1_2,1_2&#8243; _builder_version=&#8221;4.0.6&#8243; global_module=&#8221;21425&#8243;][et_pb_column type=&#8221;1_2&#8243; _builder_version=&#8221;4.0.6&#8243;][et_pb_wc_images product=&#8221;10582&#8243; _builder_version=&#8221;4.0.6&#8243;][\/et_pb_wc_images][\/et_pb_column][et_pb_column type=&#8221;1_2&#8243; _builder_version=&#8221;4.0.6&#8243;][et_pb_wc_title product=&#8221;10582&#8243; _builder_version=&#8221;4.0.6&#8243;][\/et_pb_wc_title][et_pb_wc_rating product=&#8221;10582&#8243; _builder_version=&#8221;4.0.6&#8243;][\/et_pb_wc_rating][et_pb_wc_description product=&#8221;10582&#8243; _builder_version=&#8221;4.0.6&#8243;][\/et_pb_wc_description][et_pb_wc_price product=&#8221;10582&#8243; _builder_version=&#8221;4.0.6&#8243;][\/et_pb_wc_price][et_pb_wc_add_to_cart product=&#8221;10582&#8243; _builder_version=&#8221;4.0.6&#8243;][\/et_pb_wc_add_to_cart][et_pb_text _builder_version=&#8221;4.0.6&#8243; text_font=&#8221;Delius Unicase||||||||&#8221;]<\/p>\n<p style=\"text-align: justify;\"><span style=\"color: #ff0000;\"><strong>IN OMAGGIO<\/strong><\/span>, solo per chi compra il mio libro su Perlage Suite, una copia della <strong>Prima Edizione da Collezione della mia Guida Vini Spumanti &#8220;500 Bolle in 500&#8221;<\/strong>, prezzo di copertina 25,30 \u20ac.<\/p>\n<p>[\/et_pb_text][\/et_pb_column][\/et_pb_row][\/et_pb_section]<\/p>\n","protected":false},"excerpt":{"rendered":"<p>Mi ero ripromessa di finire questo articolo domenica perch\u00e8 attualmente sto studiando per l&#8217;esame di Storia dell&#8217;Enogastronomia (fammi un bel &#8220;in bocca al lupo&#8221;, ho l&#8217;esame il 14 gennaio!), tuttavia dopo aver scritto questo articolo &#8220;Donne del vino e critiche: mi avete davvero rotto i &#8230; grissini!&#8221; e aver assistito a un tam tam inaspettato [&hellip;]<\/p>\n","protected":false},"author":49,"featured_media":27734,"comment_status":"open","ping_status":"open","sticky":false,"template":"","format":"standard","meta":{"_et_pb_use_builder":"on","_et_pb_old_content":"","_et_gb_content_width":"2880","footnotes":""},"categories":[516],"tags":[],"class_list":["post-27726","post","type-post","status-publish","format-standard","has-post-thumbnail","hentry","category-riflessioni"],"yoast_head":"<!-- This site is optimized with the Yoast SEO Premium plugin v27.0 (Yoast SEO v27.4) - https:\/\/yoast.com\/product\/yoast-seo-premium-wordpress\/ -->\n<title>Violenza sulle donne: una riflessione da donna - Perlage Suite<\/title>\n<meta name=\"description\" content=\"La vicenda Ziliani-Donadoni ha assunto una sfumatura che trovo gravissima: la definizione di violenza sulle donne. Ecco cosa ne penso.\" \/>\n<meta name=\"robots\" content=\"index, follow, max-snippet:-1, max-image-preview:large, max-video-preview:-1\" \/>\n<link rel=\"canonical\" href=\"https:\/\/perlagesuite.com\/en\/violenza-sulle-donne-una-riflessione-da-donna\/\" \/>\n<meta property=\"og:locale\" content=\"en_GB\" \/>\n<meta property=\"og:type\" content=\"article\" \/>\n<meta property=\"og:title\" content=\"Violenza sulle donne: una riflessione da donna\" \/>\n<meta property=\"og:description\" content=\"La vicenda Ziliani-Donadoni ha assunto una sfumatura che trovo gravissima: la definizione di violenza sulle donne. Ecco cosa ne penso.\" \/>\n<meta property=\"og:url\" content=\"https:\/\/perlagesuite.com\/en\/violenza-sulle-donne-una-riflessione-da-donna\/\" \/>\n<meta property=\"og:site_name\" content=\"Perlage Suite\" \/>\n<meta property=\"article:publisher\" content=\"https:\/\/www.facebook.com\/chiarabassiperlagesuite\" \/>\n<meta property=\"article:published_time\" content=\"2021-01-08T17:06:52+00:00\" \/>\n<meta property=\"article:modified_time\" content=\"2022-04-14T00:06:43+00:00\" \/>\n<meta property=\"og:image\" content=\"https:\/\/perlagesuite.com\/wp-content\/uploads\/2021\/01\/Violenza-sulle-donne.jpg\" \/>\n\t<meta property=\"og:image:width\" content=\"1080\" \/>\n\t<meta property=\"og:image:height\" content=\"720\" \/>\n\t<meta property=\"og:image:type\" content=\"image\/jpeg\" \/>\n<meta name=\"author\" content=\"Chiara Bassi\" \/>\n<meta name=\"twitter:card\" content=\"summary_large_image\" \/>\n<meta name=\"twitter:creator\" content=\"@perlagesuite\" \/>\n<meta name=\"twitter:site\" content=\"@perlagesuite\" \/>\n<meta name=\"twitter:label1\" content=\"Written by\" \/>\n\t<meta name=\"twitter:data1\" content=\"Chiara Bassi\" \/>\n\t<meta name=\"twitter:label2\" content=\"Estimated reading time\" \/>\n\t<meta name=\"twitter:data2\" content=\"13 minutes\" \/>\n<script type=\"application\/ld+json\" class=\"yoast-schema-graph\">{\"@context\":\"https:\\\/\\\/schema.org\",\"@graph\":[{\"@type\":\"Article\",\"@id\":\"https:\\\/\\\/perlagesuite.com\\\/violenza-sulle-donne-una-riflessione-da-donna\\\/#article\",\"isPartOf\":{\"@id\":\"https:\\\/\\\/perlagesuite.com\\\/violenza-sulle-donne-una-riflessione-da-donna\\\/\"},\"author\":{\"name\":\"Chiara Bassi\",\"@id\":\"https:\\\/\\\/perlagesuite.com\\\/#\\\/schema\\\/person\\\/81b257517a1007c1a823318ac86c6013\"},\"headline\":\"Violenza sulle donne: una riflessione da donna\",\"datePublished\":\"2021-01-08T17:06:52+00:00\",\"dateModified\":\"2022-04-14T00:06:43+00:00\",\"mainEntityOfPage\":{\"@id\":\"https:\\\/\\\/perlagesuite.com\\\/violenza-sulle-donne-una-riflessione-da-donna\\\/\"},\"wordCount\":2711,\"commentCount\":0,\"publisher\":{\"@id\":\"https:\\\/\\\/perlagesuite.com\\\/#organization\"},\"image\":{\"@id\":\"https:\\\/\\\/perlagesuite.com\\\/violenza-sulle-donne-una-riflessione-da-donna\\\/#primaryimage\"},\"thumbnailUrl\":\"https:\\\/\\\/perlagesuite.com\\\/wp-content\\\/uploads\\\/2021\\\/01\\\/Violenza-sulle-donne.jpg\",\"articleSection\":[\"Riflessioni\"],\"inLanguage\":\"en-GB\",\"potentialAction\":[{\"@type\":\"CommentAction\",\"name\":\"Comment\",\"target\":[\"https:\\\/\\\/perlagesuite.com\\\/violenza-sulle-donne-una-riflessione-da-donna\\\/#respond\"]}]},{\"@type\":\"WebPage\",\"@id\":\"https:\\\/\\\/perlagesuite.com\\\/violenza-sulle-donne-una-riflessione-da-donna\\\/\",\"url\":\"https:\\\/\\\/perlagesuite.com\\\/violenza-sulle-donne-una-riflessione-da-donna\\\/\",\"name\":\"Violenza sulle donne: una riflessione da donna - Perlage Suite\",\"isPartOf\":{\"@id\":\"https:\\\/\\\/perlagesuite.com\\\/#website\"},\"primaryImageOfPage\":{\"@id\":\"https:\\\/\\\/perlagesuite.com\\\/violenza-sulle-donne-una-riflessione-da-donna\\\/#primaryimage\"},\"image\":{\"@id\":\"https:\\\/\\\/perlagesuite.com\\\/violenza-sulle-donne-una-riflessione-da-donna\\\/#primaryimage\"},\"thumbnailUrl\":\"https:\\\/\\\/perlagesuite.com\\\/wp-content\\\/uploads\\\/2021\\\/01\\\/Violenza-sulle-donne.jpg\",\"datePublished\":\"2021-01-08T17:06:52+00:00\",\"dateModified\":\"2022-04-14T00:06:43+00:00\",\"description\":\"La vicenda Ziliani-Donadoni ha assunto una sfumatura che trovo gravissima: la definizione di violenza sulle donne. Ecco cosa ne penso.\",\"breadcrumb\":{\"@id\":\"https:\\\/\\\/perlagesuite.com\\\/violenza-sulle-donne-una-riflessione-da-donna\\\/#breadcrumb\"},\"inLanguage\":\"en-GB\",\"potentialAction\":[{\"@type\":\"ReadAction\",\"target\":[\"https:\\\/\\\/perlagesuite.com\\\/violenza-sulle-donne-una-riflessione-da-donna\\\/\"]}]},{\"@type\":\"ImageObject\",\"inLanguage\":\"en-GB\",\"@id\":\"https:\\\/\\\/perlagesuite.com\\\/violenza-sulle-donne-una-riflessione-da-donna\\\/#primaryimage\",\"url\":\"https:\\\/\\\/perlagesuite.com\\\/wp-content\\\/uploads\\\/2021\\\/01\\\/Violenza-sulle-donne.jpg\",\"contentUrl\":\"https:\\\/\\\/perlagesuite.com\\\/wp-content\\\/uploads\\\/2021\\\/01\\\/Violenza-sulle-donne.jpg\",\"width\":1080,\"height\":720,\"caption\":\"violenza sulle donne\"},{\"@type\":\"BreadcrumbList\",\"@id\":\"https:\\\/\\\/perlagesuite.com\\\/violenza-sulle-donne-una-riflessione-da-donna\\\/#breadcrumb\",\"itemListElement\":[{\"@type\":\"ListItem\",\"position\":1,\"name\":\"Home\",\"item\":\"https:\\\/\\\/perlagesuite.com\\\/\"},{\"@type\":\"ListItem\",\"position\":2,\"name\":\"Violenza sulle donne: una riflessione da donna\"}]},{\"@type\":\"WebSite\",\"@id\":\"https:\\\/\\\/perlagesuite.com\\\/#website\",\"url\":\"https:\\\/\\\/perlagesuite.com\\\/\",\"name\":\"Perlage Suite\",\"description\":\"Il Wine Blog di Chiara Bassi\",\"publisher\":{\"@id\":\"https:\\\/\\\/perlagesuite.com\\\/#organization\"},\"potentialAction\":[{\"@type\":\"SearchAction\",\"target\":{\"@type\":\"EntryPoint\",\"urlTemplate\":\"https:\\\/\\\/perlagesuite.com\\\/?s={search_term_string}\"},\"query-input\":{\"@type\":\"PropertyValueSpecification\",\"valueRequired\":true,\"valueName\":\"search_term_string\"}}],\"inLanguage\":\"en-GB\"},{\"@type\":\"Organization\",\"@id\":\"https:\\\/\\\/perlagesuite.com\\\/#organization\",\"name\":\"Chiara Bassi\",\"url\":\"https:\\\/\\\/perlagesuite.com\\\/\",\"logo\":{\"@type\":\"ImageObject\",\"inLanguage\":\"en-GB\",\"@id\":\"https:\\\/\\\/perlagesuite.com\\\/#\\\/schema\\\/logo\\\/image\\\/\",\"url\":\"https:\\\/\\\/perlagesuite.com\\\/wp-content\\\/uploads\\\/2022\\\/03\\\/Chiara-Bassi-sommelier-wine-blogger-logo.png\",\"contentUrl\":\"https:\\\/\\\/perlagesuite.com\\\/wp-content\\\/uploads\\\/2022\\\/03\\\/Chiara-Bassi-sommelier-wine-blogger-logo.png\",\"width\":512,\"height\":512,\"caption\":\"Chiara Bassi\"},\"image\":{\"@id\":\"https:\\\/\\\/perlagesuite.com\\\/#\\\/schema\\\/logo\\\/image\\\/\"},\"sameAs\":[\"https:\\\/\\\/www.facebook.com\\\/chiarabassiperlagesuite\",\"https:\\\/\\\/x.com\\\/perlagesuite\",\"https:\\\/\\\/www.instagram.com\\\/perlagesuite\\\/\"]},{\"@type\":\"Person\",\"@id\":\"https:\\\/\\\/perlagesuite.com\\\/#\\\/schema\\\/person\\\/81b257517a1007c1a823318ac86c6013\",\"name\":\"Chiara Bassi\",\"image\":{\"@type\":\"ImageObject\",\"inLanguage\":\"en-GB\",\"@id\":\"https:\\\/\\\/secure.gravatar.com\\\/avatar\\\/2d79bd9bb4582f8af9b4c76c8e21c46c1d0c1cde8dc9dc57cf739c0d296754d2?s=96&d=mm&r=g\",\"url\":\"https:\\\/\\\/secure.gravatar.com\\\/avatar\\\/2d79bd9bb4582f8af9b4c76c8e21c46c1d0c1cde8dc9dc57cf739c0d296754d2?s=96&d=mm&r=g\",\"contentUrl\":\"https:\\\/\\\/secure.gravatar.com\\\/avatar\\\/2d79bd9bb4582f8af9b4c76c8e21c46c1d0c1cde8dc9dc57cf739c0d296754d2?s=96&d=mm&r=g\",\"caption\":\"Chiara Bassi\"},\"sameAs\":[\"https:\\\/\\\/perlagesuite.com\"]}]}<\/script>\n<!-- \/ Yoast SEO Premium plugin. -->","yoast_head_json":{"title":"Violence against women: a woman's reflection - Perlage Suite","description":"The Ziliani-Donadoni affair has taken on a nuance that I find very serious: the definition of violence against women. Here is what I think about it.","robots":{"index":"index","follow":"follow","max-snippet":"max-snippet:-1","max-image-preview":"max-image-preview:large","max-video-preview":"max-video-preview:-1"},"canonical":"https:\/\/perlagesuite.com\/en\/violenza-sulle-donne-una-riflessione-da-donna\/","og_locale":"en_GB","og_type":"article","og_title":"Violenza sulle donne: una riflessione da donna","og_description":"La vicenda Ziliani-Donadoni ha assunto una sfumatura che trovo gravissima: la definizione di violenza sulle donne. Ecco cosa ne penso.","og_url":"https:\/\/perlagesuite.com\/en\/violenza-sulle-donne-una-riflessione-da-donna\/","og_site_name":"Perlage Suite","article_publisher":"https:\/\/www.facebook.com\/chiarabassiperlagesuite","article_published_time":"2021-01-08T17:06:52+00:00","article_modified_time":"2022-04-14T00:06:43+00:00","og_image":[{"width":1080,"height":720,"url":"https:\/\/perlagesuite.com\/wp-content\/uploads\/2021\/01\/Violenza-sulle-donne.jpg","type":"image\/jpeg"}],"author":"Chiara Bassi","twitter_card":"summary_large_image","twitter_creator":"@perlagesuite","twitter_site":"@perlagesuite","twitter_misc":{"Written by":"Chiara Bassi","Estimated reading time":"13 minutes"},"schema":{"@context":"https:\/\/schema.org","@graph":[{"@type":"Article","@id":"https:\/\/perlagesuite.com\/violenza-sulle-donne-una-riflessione-da-donna\/#article","isPartOf":{"@id":"https:\/\/perlagesuite.com\/violenza-sulle-donne-una-riflessione-da-donna\/"},"author":{"name":"Chiara Bassi","@id":"https:\/\/perlagesuite.com\/#\/schema\/person\/81b257517a1007c1a823318ac86c6013"},"headline":"Violenza sulle donne: una riflessione da donna","datePublished":"2021-01-08T17:06:52+00:00","dateModified":"2022-04-14T00:06:43+00:00","mainEntityOfPage":{"@id":"https:\/\/perlagesuite.com\/violenza-sulle-donne-una-riflessione-da-donna\/"},"wordCount":2711,"commentCount":0,"publisher":{"@id":"https:\/\/perlagesuite.com\/#organization"},"image":{"@id":"https:\/\/perlagesuite.com\/violenza-sulle-donne-una-riflessione-da-donna\/#primaryimage"},"thumbnailUrl":"https:\/\/perlagesuite.com\/wp-content\/uploads\/2021\/01\/Violenza-sulle-donne.jpg","articleSection":["Riflessioni"],"inLanguage":"en-GB","potentialAction":[{"@type":"CommentAction","name":"Comment","target":["https:\/\/perlagesuite.com\/violenza-sulle-donne-una-riflessione-da-donna\/#respond"]}]},{"@type":"WebPage","@id":"https:\/\/perlagesuite.com\/violenza-sulle-donne-una-riflessione-da-donna\/","url":"https:\/\/perlagesuite.com\/violenza-sulle-donne-una-riflessione-da-donna\/","name":"Violence against women: a woman's reflection - Perlage Suite","isPartOf":{"@id":"https:\/\/perlagesuite.com\/#website"},"primaryImageOfPage":{"@id":"https:\/\/perlagesuite.com\/violenza-sulle-donne-una-riflessione-da-donna\/#primaryimage"},"image":{"@id":"https:\/\/perlagesuite.com\/violenza-sulle-donne-una-riflessione-da-donna\/#primaryimage"},"thumbnailUrl":"https:\/\/perlagesuite.com\/wp-content\/uploads\/2021\/01\/Violenza-sulle-donne.jpg","datePublished":"2021-01-08T17:06:52+00:00","dateModified":"2022-04-14T00:06:43+00:00","description":"The Ziliani-Donadoni affair has taken on a nuance that I find very serious: the definition of violence against women. Here is what I think about it.","breadcrumb":{"@id":"https:\/\/perlagesuite.com\/violenza-sulle-donne-una-riflessione-da-donna\/#breadcrumb"},"inLanguage":"en-GB","potentialAction":[{"@type":"ReadAction","target":["https:\/\/perlagesuite.com\/violenza-sulle-donne-una-riflessione-da-donna\/"]}]},{"@type":"ImageObject","inLanguage":"en-GB","@id":"https:\/\/perlagesuite.com\/violenza-sulle-donne-una-riflessione-da-donna\/#primaryimage","url":"https:\/\/perlagesuite.com\/wp-content\/uploads\/2021\/01\/Violenza-sulle-donne.jpg","contentUrl":"https:\/\/perlagesuite.com\/wp-content\/uploads\/2021\/01\/Violenza-sulle-donne.jpg","width":1080,"height":720,"caption":"violenza sulle donne"},{"@type":"BreadcrumbList","@id":"https:\/\/perlagesuite.com\/violenza-sulle-donne-una-riflessione-da-donna\/#breadcrumb","itemListElement":[{"@type":"ListItem","position":1,"name":"Home","item":"https:\/\/perlagesuite.com\/"},{"@type":"ListItem","position":2,"name":"Violenza sulle donne: una riflessione da donna"}]},{"@type":"WebSite","@id":"https:\/\/perlagesuite.com\/#website","url":"https:\/\/perlagesuite.com\/","name":"Perlage Suite","description":"Chiara Bassi's Wine Blog","publisher":{"@id":"https:\/\/perlagesuite.com\/#organization"},"potentialAction":[{"@type":"SearchAction","target":{"@type":"EntryPoint","urlTemplate":"https:\/\/perlagesuite.com\/?s={search_term_string}"},"query-input":{"@type":"PropertyValueSpecification","valueRequired":true,"valueName":"search_term_string"}}],"inLanguage":"en-GB"},{"@type":"Organization","@id":"https:\/\/perlagesuite.com\/#organization","name":"Chiara Bassi","url":"https:\/\/perlagesuite.com\/","logo":{"@type":"ImageObject","inLanguage":"en-GB","@id":"https:\/\/perlagesuite.com\/#\/schema\/logo\/image\/","url":"https:\/\/perlagesuite.com\/wp-content\/uploads\/2022\/03\/Chiara-Bassi-sommelier-wine-blogger-logo.png","contentUrl":"https:\/\/perlagesuite.com\/wp-content\/uploads\/2022\/03\/Chiara-Bassi-sommelier-wine-blogger-logo.png","width":512,"height":512,"caption":"Chiara Bassi"},"image":{"@id":"https:\/\/perlagesuite.com\/#\/schema\/logo\/image\/"},"sameAs":["https:\/\/www.facebook.com\/chiarabassiperlagesuite","https:\/\/x.com\/perlagesuite","https:\/\/www.instagram.com\/perlagesuite\/"]},{"@type":"Person","@id":"https:\/\/perlagesuite.com\/#\/schema\/person\/81b257517a1007c1a823318ac86c6013","name":"Chiara Bassi","image":{"@type":"ImageObject","inLanguage":"en-GB","@id":"https:\/\/secure.gravatar.com\/avatar\/2d79bd9bb4582f8af9b4c76c8e21c46c1d0c1cde8dc9dc57cf739c0d296754d2?s=96&d=mm&r=g","url":"https:\/\/secure.gravatar.com\/avatar\/2d79bd9bb4582f8af9b4c76c8e21c46c1d0c1cde8dc9dc57cf739c0d296754d2?s=96&d=mm&r=g","contentUrl":"https:\/\/secure.gravatar.com\/avatar\/2d79bd9bb4582f8af9b4c76c8e21c46c1d0c1cde8dc9dc57cf739c0d296754d2?s=96&d=mm&r=g","caption":"Chiara Bassi"},"sameAs":["https:\/\/perlagesuite.com"]}]}},"_links":{"self":[{"href":"https:\/\/perlagesuite.com\/en\/wp-json\/wp\/v2\/posts\/27726","targetHints":{"allow":["GET"]}}],"collection":[{"href":"https:\/\/perlagesuite.com\/en\/wp-json\/wp\/v2\/posts"}],"about":[{"href":"https:\/\/perlagesuite.com\/en\/wp-json\/wp\/v2\/types\/post"}],"author":[{"embeddable":true,"href":"https:\/\/perlagesuite.com\/en\/wp-json\/wp\/v2\/users\/49"}],"replies":[{"embeddable":true,"href":"https:\/\/perlagesuite.com\/en\/wp-json\/wp\/v2\/comments?post=27726"}],"version-history":[{"count":0,"href":"https:\/\/perlagesuite.com\/en\/wp-json\/wp\/v2\/posts\/27726\/revisions"}],"wp:featuredmedia":[{"embeddable":true,"href":"https:\/\/perlagesuite.com\/en\/wp-json\/wp\/v2\/media\/27734"}],"wp:attachment":[{"href":"https:\/\/perlagesuite.com\/en\/wp-json\/wp\/v2\/media?parent=27726"}],"wp:term":[{"taxonomy":"category","embeddable":true,"href":"https:\/\/perlagesuite.com\/en\/wp-json\/wp\/v2\/categories?post=27726"},{"taxonomy":"post_tag","embeddable":true,"href":"https:\/\/perlagesuite.com\/en\/wp-json\/wp\/v2\/tags?post=27726"}],"curies":[{"name":"wp","href":"https:\/\/api.w.org\/{rel}","templated":true}]}}