{"id":4665,"date":"2016-09-23T13:03:50","date_gmt":"2016-09-23T12:03:50","guid":{"rendered":"http:\/\/perlagesuite.com\/?p=4665"},"modified":"2022-11-04T19:01:54","modified_gmt":"2022-11-04T18:01:54","slug":"festival-franciacorta-berlucchi-brut-nature","status":"publish","type":"post","link":"https:\/\/perlagesuite.com\/en\/festival-franciacorta-berlucchi-brut-nature\/","title":{"rendered":"Franciacorta Festival: Berlucchi presents Franciacorta Brut Nature"},"content":{"rendered":"<p>[et_pb_section fb_built=&#8221;1&#8243; _builder_version=&#8221;4.16&#8243; global_colors_info=&#8221;{}&#8221;][et_pb_row _builder_version=&#8221;4.16&#8243; background_size=&#8221;initial&#8221; background_position=&#8221;top_left&#8221; background_repeat=&#8221;repeat&#8221; global_colors_info=&#8221;{}&#8221;][et_pb_column type=&#8221;4_4&#8243; _builder_version=&#8221;4.16&#8243; custom_padding=&#8221;|||&#8221; global_colors_info=&#8221;{}&#8221; custom_padding__hover=&#8221;|||&#8221;][et_pb_text _builder_version=&#8221;4.19.0&#8243; background_size=&#8221;initial&#8221; background_position=&#8221;top_left&#8221; background_repeat=&#8221;repeat&#8221; hover_enabled=&#8221;0&#8243; global_colors_info=&#8221;{}&#8221; sticky_enabled=&#8221;0&#8243;]<\/p>\n<p style=\"text-align: left;\">Sabato scorso, in occasione del Festival della Franciacorta d&#8217;Autunno, sono stata alla presentazione del nuovo Millesimato di <strong>Berlucchi<\/strong> abbinato ai tre fingerfood stellati dello <strong>Chef Stefano Cerveni del Ristorante Due Colombe di Borgonato di Corte Franca<\/strong>, 1 stella della Guida Michelin. Ho passato un sabato splendido, in un ambiente carico di ricordi&#8230; infatti come ogni sommelier anche io sono stata da <strong>Berlucchi<\/strong> per la cerimonia del diploma. Era il 27 novembre scorso&#8230;\u00a0in un periodo della mia vita in cui sono stata particolarmente felice. Se ti va, leggi l&#8217;articolo del mio diploma <a href=\"https:\/\/perlagesuite.com\/finalmente-sommelier\/\"><strong><span style=\"text-decoration: underline;\">&#8220;Finalmente Sommelier&#8221; QUI<\/span><\/strong><\/a>.<\/p>\n<p style=\"text-align: left;\">Prima di cominciare, voglio ringraziare ancora una volta l&#8217;ufficio stampa di Sony Italia per avermi messo a disposizione la splendida <a href=\"https:\/\/amzn.to\/2dda6cN\" target=\"_blank\" rel=\"noopener noreferrer\"><span style=\"text-decoration: underline;\"><strong>RX100M4<\/strong><\/span><\/a>, una fotocamera compatta con una qualit\u00e0 fotografica che non ti aspetti e che ho scelto in quanto perfetta per scattare foto in ambienti con bassa luminosit\u00e0 come le cantine vinicole. Perfetta per me insomma!\u00a0<\/p>\n<p style=\"text-align: left;\">E ora, benvenuto al Festival della Franciacorta della Guido Berlucchi!<\/p>\n<p><img loading=\"lazy\" decoding=\"async\" class=\"aligncenter size-full wp-image-4666\" src=\"https:\/\/perlagesuite.com\/wp-content\/uploads\/2016\/09\/Guido-Berlucchi-Festival-Franciacorta-2016.jpg\" alt=\"guido berlucchi franciacorta\" width=\"1200\" height=\"800\" srcset=\"https:\/\/perlagesuite.com\/wp-content\/uploads\/2016\/09\/Guido-Berlucchi-Festival-Franciacorta-2016.jpg 1080w, https:\/\/perlagesuite.com\/wp-content\/uploads\/2016\/09\/Guido-Berlucchi-Festival-Franciacorta-2016-600x400.jpg 600w, https:\/\/perlagesuite.com\/wp-content\/uploads\/2016\/09\/Guido-Berlucchi-Festival-Franciacorta-2016-300x200.jpg 300w, https:\/\/perlagesuite.com\/wp-content\/uploads\/2016\/09\/Guido-Berlucchi-Festival-Franciacorta-2016-768x512.jpg 768w, https:\/\/perlagesuite.com\/wp-content\/uploads\/2016\/09\/Guido-Berlucchi-Festival-Franciacorta-2016-1024x683.jpg 1024w, https:\/\/perlagesuite.com\/wp-content\/uploads\/2016\/09\/Guido-Berlucchi-Festival-Franciacorta-2016-610x407.jpg 610w\" sizes=\"(max-width: 1200px) 100vw, 1200px\" \/><\/p>\n<h2 style=\"text-align: center;\">L&#8217;arrivo alla Guido Berlucchi<\/h2>\n<p>L&#8217;evento cominciava alle 11:30, ma naturalmente non sono riuscita ad arrivare puntuale perch\u00e9 un simpaticone ha ben pensato di parcheggiare dietro alla mia macchina per poi andare a fare un giro al mercato di Lovere e l&#8217;ho dovuto aspettare pi\u00f9 di 20 minuti. \u00a0Lo so, ho troppa pazienza&#8230; ma la prossima volta chiamo il carro attrezzi!!! Almeno il karma mi ha voluto bene e sono riuscita a parcheggiare proprio di fronte all&#8217;ingresso \ud83d\ude09<br \/>Quando sono arrivata sono stata accompagnata al gruppo di Francesca, che aveva appena iniziato a raccontare la storia della Guido Berlucchi nelle sue cantine storiche.<br \/><img loading=\"lazy\" decoding=\"async\" class=\"aligncenter size-full wp-image-4667\" src=\"https:\/\/perlagesuite.com\/wp-content\/uploads\/2016\/09\/Guido-Berlucchi-Festival-Franciacorta-2016-cantine-storiche.jpg\" alt=\"guido berlucchi cantine storiche\" width=\"1200\" height=\"800\" srcset=\"https:\/\/perlagesuite.com\/wp-content\/uploads\/2016\/09\/Guido-Berlucchi-Festival-Franciacorta-2016-cantine-storiche.jpg 1080w, https:\/\/perlagesuite.com\/wp-content\/uploads\/2016\/09\/Guido-Berlucchi-Festival-Franciacorta-2016-cantine-storiche-600x400.jpg 600w, https:\/\/perlagesuite.com\/wp-content\/uploads\/2016\/09\/Guido-Berlucchi-Festival-Franciacorta-2016-cantine-storiche-300x200.jpg 300w, https:\/\/perlagesuite.com\/wp-content\/uploads\/2016\/09\/Guido-Berlucchi-Festival-Franciacorta-2016-cantine-storiche-768x512.jpg 768w, https:\/\/perlagesuite.com\/wp-content\/uploads\/2016\/09\/Guido-Berlucchi-Festival-Franciacorta-2016-cantine-storiche-1024x683.jpg 1024w, https:\/\/perlagesuite.com\/wp-content\/uploads\/2016\/09\/Guido-Berlucchi-Festival-Franciacorta-2016-cantine-storiche-610x407.jpg 610w\" sizes=\"(max-width: 1200px) 100vw, 1200px\" \/><\/p>\n<h2 style=\"text-align: center;\">Le cantine storiche della Berlucchi<\/h2>\n<p style=\"text-align: left;\">Scavate 10 metri sotto terra alla fine del 1600, le cantine storiche della Guido Berlucchi hanno per me un fascino straordinario. Tutto \u00e8 curato, bello e suggestivo. Dalle pupitres di legno in cui avvengono i remuage dei Franciacorta Riserva, alle muffe sulle pareti, fino alla nicchia dove \u00e8 custodita l&#8217;ultima bottiglia del primo Franciacorta, annata 1961.<\/p>\n<p><img loading=\"lazy\" decoding=\"async\" class=\"aligncenter size-full wp-image-4669\" src=\"https:\/\/perlagesuite.com\/wp-content\/uploads\/2016\/09\/guido-berlucchi-cantine-storiche-franciacorta.jpg\" alt=\"guido berlucchi cantine storiche franciacorta\" width=\"1200\" height=\"800\" srcset=\"https:\/\/perlagesuite.com\/wp-content\/uploads\/2016\/09\/guido-berlucchi-cantine-storiche-franciacorta.jpg 1080w, https:\/\/perlagesuite.com\/wp-content\/uploads\/2016\/09\/guido-berlucchi-cantine-storiche-franciacorta-600x400.jpg 600w, https:\/\/perlagesuite.com\/wp-content\/uploads\/2016\/09\/guido-berlucchi-cantine-storiche-franciacorta-300x200.jpg 300w, https:\/\/perlagesuite.com\/wp-content\/uploads\/2016\/09\/guido-berlucchi-cantine-storiche-franciacorta-768x512.jpg 768w, https:\/\/perlagesuite.com\/wp-content\/uploads\/2016\/09\/guido-berlucchi-cantine-storiche-franciacorta-1024x683.jpg 1024w, https:\/\/perlagesuite.com\/wp-content\/uploads\/2016\/09\/guido-berlucchi-cantine-storiche-franciacorta-610x407.jpg 610w\" sizes=\"(max-width: 1200px) 100vw, 1200px\" \/><\/p>\n<p>Queste cantine storiche sono immense, ed \u00e8 davvero piacevole camminarci all&#8217;interno. Probabilmente farei i famosi 10.000 passi al giorno se potessi percorrerle ogni giorno! \ud83d\ude09<\/p>\n<p>Una cosa che non ho mai fatto \u00e8 assaggiare il Franciacorta direttamente dalle botti&#8230; ecco, devo rimediare prima o poi!<\/p>\n<p style=\"text-align: left;\">Questa parte della cantina, vicina all&#8217;area dove Berlucchi mostra un filmato della sboccatura, \u00e8 quella che mi piace di pi\u00f9! Quest&#8217;area custodisce l&#8217;archivio storico della Guido Berlucchi, con le bottiglie in punta delle annate pi\u00f9 significative, conservate per valutarne l&#8217;evoluzione nel tempo. Ah, cosa darei per poter fare anche io questa valutazione!!! \ud83d\ude00<\/p>\n<p><img loading=\"lazy\" decoding=\"async\" class=\"aligncenter size-full wp-image-4670\" src=\"https:\/\/perlagesuite.com\/wp-content\/uploads\/2016\/09\/guido-berlucchi-franciacorta.jpg\" alt=\"guido berlucchi franciacorta cantina\" width=\"1200\" height=\"800\" srcset=\"https:\/\/perlagesuite.com\/wp-content\/uploads\/2016\/09\/guido-berlucchi-franciacorta.jpg 1080w, https:\/\/perlagesuite.com\/wp-content\/uploads\/2016\/09\/guido-berlucchi-franciacorta-600x400.jpg 600w, https:\/\/perlagesuite.com\/wp-content\/uploads\/2016\/09\/guido-berlucchi-franciacorta-300x200.jpg 300w, https:\/\/perlagesuite.com\/wp-content\/uploads\/2016\/09\/guido-berlucchi-franciacorta-768x512.jpg 768w, https:\/\/perlagesuite.com\/wp-content\/uploads\/2016\/09\/guido-berlucchi-franciacorta-1024x683.jpg 1024w, https:\/\/perlagesuite.com\/wp-content\/uploads\/2016\/09\/guido-berlucchi-franciacorta-610x407.jpg 610w\" sizes=\"(max-width: 1200px) 100vw, 1200px\" \/><\/p>\n<p style=\"text-align: left;\">Adoro la mia casa, il mio lago&#8230; ma anche questo potrebbe essere il mio ufficio ideale! Mi basta una botte come tavolino, la connessione internet, la mia sacra poltrona varier stokke, un album da disegno, una matita morbida e il mio computer! Ed \u00e8 anche fresco tutto l&#8217;anno&#8230; Beh ovviamente mi serve anche un calice da degustazione! A parte gli scherzi, \u00e8 un ambiente davvero meraviglioso e consiglio a tutti gli appassionati di vino di visitarlo almeno una volta nella vita!<\/p>\n<p><img loading=\"lazy\" decoding=\"async\" class=\"aligncenter size-full wp-image-4671\" src=\"https:\/\/perlagesuite.com\/wp-content\/uploads\/2016\/09\/guido-berlucchi-franciacorta-cantina-storica.jpg\" alt=\"guido berlucchi cantine storiche franciacorta\" width=\"1200\" height=\"800\" srcset=\"https:\/\/perlagesuite.com\/wp-content\/uploads\/2016\/09\/guido-berlucchi-franciacorta-cantina-storica.jpg 1080w, https:\/\/perlagesuite.com\/wp-content\/uploads\/2016\/09\/guido-berlucchi-franciacorta-cantina-storica-600x400.jpg 600w, https:\/\/perlagesuite.com\/wp-content\/uploads\/2016\/09\/guido-berlucchi-franciacorta-cantina-storica-300x200.jpg 300w, https:\/\/perlagesuite.com\/wp-content\/uploads\/2016\/09\/guido-berlucchi-franciacorta-cantina-storica-768x512.jpg 768w, https:\/\/perlagesuite.com\/wp-content\/uploads\/2016\/09\/guido-berlucchi-franciacorta-cantina-storica-1024x683.jpg 1024w, https:\/\/perlagesuite.com\/wp-content\/uploads\/2016\/09\/guido-berlucchi-franciacorta-cantina-storica-610x407.jpg 610w\" sizes=\"(max-width: 1200px) 100vw, 1200px\" \/><\/p>\n<p style=\"text-align: left;\">Finita la visita ci siamo trasferiti in giardino, dove Arturo Ziliani aveva appena iniziato a raccontarci il nuovo Brut Nature Millesimato 2009. Ero davvero curiosa di sentire come era nato questo nuovo prodotto in casa Berlucchi, ed ero altrettanto curiosa di provarlo con i fingerfood stellati dello Chef Stefano Cerveni. Arturo Ziliani \u00e8 un perfetto oratore ed \u00e8 sempre molto piacevole ascoltarlo.\u00a0Credo che eravamo una cinquantina di persone ad ascoltarlo carichi di aspettativa! Il discorso si \u00e8 presto spostato sotto il portico, dove ci aspettava un aperitivo di salumi,\u00a0formaggi e i primi calici di bollicine.<\/p>\n<p><img loading=\"lazy\" decoding=\"async\" class=\"aligncenter size-full wp-image-4673\" src=\"https:\/\/perlagesuite.com\/wp-content\/uploads\/2016\/09\/guido-berlucchi-giardino-1.jpg\" alt=\"guido berlucchi franciacorta giardino\" width=\"1200\" height=\"800\" srcset=\"https:\/\/perlagesuite.com\/wp-content\/uploads\/2016\/09\/guido-berlucchi-giardino-1.jpg 1080w, https:\/\/perlagesuite.com\/wp-content\/uploads\/2016\/09\/guido-berlucchi-giardino-1-600x400.jpg 600w, https:\/\/perlagesuite.com\/wp-content\/uploads\/2016\/09\/guido-berlucchi-giardino-1-300x200.jpg 300w, https:\/\/perlagesuite.com\/wp-content\/uploads\/2016\/09\/guido-berlucchi-giardino-1-768x512.jpg 768w, https:\/\/perlagesuite.com\/wp-content\/uploads\/2016\/09\/guido-berlucchi-giardino-1-1024x683.jpg 1024w, https:\/\/perlagesuite.com\/wp-content\/uploads\/2016\/09\/guido-berlucchi-giardino-1-610x407.jpg 610w\" sizes=\"(max-width: 1200px) 100vw, 1200px\" \/><\/p>\n<div class=\"page\" title=\"Page 1\">\n<div class=\"layoutArea\">\n<div class=\"column\">\n<h2 style=\"text-align: center;\">La Patata Viola, il Gambero Rosso ed il Franciacorta (2008, rivisitato nel 2016)<\/h2>\n<p style=\"text-align: left;\">Chef Stefano Cerveni mi ha raccontato che questo \u00e8 il piatto che lo ha reso famoso, e non stento a crederlo. La patata viola \u00e8 intrigante ed affascinante per natura, e qui \u00e8 lavorata alla perfezione. Il pur\u00e8 di patate viola non \u00e8 affatto grasso e sa davvero di patata viola. Ha una consistenza di una mousse, solo pi\u00f9 soda. Il gambero \u00e8 crudo, condito solo con un filo d&#8217;olio delicato. Il Franciacorta \u00e8 ridotto fino a diventare un burro da sgrassare con la bollicina. La nota croccante \u00e8 data dalle patate viola sopra il gambero crudo. Un piatto equilibrato, che avrei piacere di assaggiare con calma in modo da assaporarne ogni sfumatura. L&#8217;abbinamento con il Berlucchi &#8217;61 Brut Nature Millesimato 2009? Perfetto.<\/p>\n<\/div>\n<p><img loading=\"lazy\" decoding=\"async\" class=\"aligncenter size-full wp-image-4675\" src=\"https:\/\/perlagesuite.com\/wp-content\/uploads\/2016\/09\/guido-berlucchi-stefano-cerveni-festival-franciacorta.jpg\" alt=\"guido berlucchi franciacorta stefano cerveni\" width=\"1200\" height=\"800\" srcset=\"https:\/\/perlagesuite.com\/wp-content\/uploads\/2016\/09\/guido-berlucchi-stefano-cerveni-festival-franciacorta.jpg 1080w, https:\/\/perlagesuite.com\/wp-content\/uploads\/2016\/09\/guido-berlucchi-stefano-cerveni-festival-franciacorta-600x400.jpg 600w, https:\/\/perlagesuite.com\/wp-content\/uploads\/2016\/09\/guido-berlucchi-stefano-cerveni-festival-franciacorta-300x200.jpg 300w, https:\/\/perlagesuite.com\/wp-content\/uploads\/2016\/09\/guido-berlucchi-stefano-cerveni-festival-franciacorta-768x512.jpg 768w, https:\/\/perlagesuite.com\/wp-content\/uploads\/2016\/09\/guido-berlucchi-stefano-cerveni-festival-franciacorta-1024x683.jpg 1024w, https:\/\/perlagesuite.com\/wp-content\/uploads\/2016\/09\/guido-berlucchi-stefano-cerveni-festival-franciacorta-610x407.jpg 610w\" sizes=\"(max-width: 1200px) 100vw, 1200px\" \/><\/p>\n<div class=\"page\" title=\"Page 1\">\n<div class=\"layoutArea\">\n<div class=\"column\">\n<h2 style=\"text-align: center;\">Tinca al Forno 2016<\/h2>\n<p style=\"text-align: left;\">A mio avviso il fingerfood pi\u00f9 interessante di tutti. La tinca \u00e8 un pesce del nostro Lago d&#8217;Iseo che va molto in queste zone, per peccare un po&#8217; di grassezza e pesantezza. Questa rielaborazione l&#8217;ho trovata geniale e perfetta. Il ripieno della tinca diviene la &#8220;crosticina&#8221; croccante esterna. Il pesce diventa il cremoso ripieno. Forse sbaglio, ma mi \u00e8 sembrato di sentire una nota agrumata. Il sale Maldon completa il piatto e contrasta la tendenza dolce\u00a0della Tinca. Bellissima l&#8217;idea di servirla in tre tocchetti. L&#8217;abbinamento con il Franciacorta Berlucchi &#8217;61 Brut Nature Millesimato 2009? Perfetto, perch\u00e9 sgrassa una Tinca che di per s\u00e9 non \u00e8 affatto grassa (il burro c&#8217;\u00e8 e si sente, ma come mi ha confermato lo Chef Stefano Cerveni \u00e8 in piccolissima quantit\u00e0), ma ha un sentore di burro che ben si sposa con questo Franciacorta. Inoltre il suo essere complesso ma non particolarmente intenso lo rende perfetto per non stroncare un piatto anch&#8217;esso molto delicato.<\/p>\n<p><img loading=\"lazy\" decoding=\"async\" class=\"aligncenter size-full wp-image-4676\" src=\"https:\/\/perlagesuite.com\/wp-content\/uploads\/2016\/09\/guido-berlucchi-chef-stefano-cerveni.jpg\" alt=\"guido berlucchi chef cervini\" width=\"1200\" height=\"800\" srcset=\"https:\/\/perlagesuite.com\/wp-content\/uploads\/2016\/09\/guido-berlucchi-chef-stefano-cerveni.jpg 1080w, https:\/\/perlagesuite.com\/wp-content\/uploads\/2016\/09\/guido-berlucchi-chef-stefano-cerveni-600x400.jpg 600w, https:\/\/perlagesuite.com\/wp-content\/uploads\/2016\/09\/guido-berlucchi-chef-stefano-cerveni-300x200.jpg 300w, https:\/\/perlagesuite.com\/wp-content\/uploads\/2016\/09\/guido-berlucchi-chef-stefano-cerveni-768x512.jpg 768w, https:\/\/perlagesuite.com\/wp-content\/uploads\/2016\/09\/guido-berlucchi-chef-stefano-cerveni-1024x683.jpg 1024w, https:\/\/perlagesuite.com\/wp-content\/uploads\/2016\/09\/guido-berlucchi-chef-stefano-cerveni-610x407.jpg 610w\" sizes=\"(max-width: 1200px) 100vw, 1200px\" \/><br \/>Ecco un&#8217;altra vista in cui apprezzare il talento dello Chef Stefano Cerveni nella presentazione del piatto.<br \/><img loading=\"lazy\" decoding=\"async\" class=\"aligncenter size-full wp-image-4677\" src=\"https:\/\/perlagesuite.com\/wp-content\/uploads\/2016\/09\/chef-stefano-cerveni-due-colombe-michelin.jpg\" alt=\"chef stefano cerveni due colombe\" width=\"1200\" height=\"800\" srcset=\"https:\/\/perlagesuite.com\/wp-content\/uploads\/2016\/09\/chef-stefano-cerveni-due-colombe-michelin.jpg 1080w, https:\/\/perlagesuite.com\/wp-content\/uploads\/2016\/09\/chef-stefano-cerveni-due-colombe-michelin-600x400.jpg 600w, https:\/\/perlagesuite.com\/wp-content\/uploads\/2016\/09\/chef-stefano-cerveni-due-colombe-michelin-300x200.jpg 300w, https:\/\/perlagesuite.com\/wp-content\/uploads\/2016\/09\/chef-stefano-cerveni-due-colombe-michelin-768x512.jpg 768w, https:\/\/perlagesuite.com\/wp-content\/uploads\/2016\/09\/chef-stefano-cerveni-due-colombe-michelin-1024x683.jpg 1024w, https:\/\/perlagesuite.com\/wp-content\/uploads\/2016\/09\/chef-stefano-cerveni-due-colombe-michelin-610x407.jpg 610w\" sizes=\"(max-width: 1200px) 100vw, 1200px\" \/><\/p>\n<h2 style=\"text-align: center;\">Insalata di pollo franciacortino<\/h2>\n<p style=\"text-align: left;\">Deliziosa! Amo molto questa cucina che non butta via niente, a parte le ossa naturalmente! Qui il pollo \u00e8 usato tutto, dalla carne alla pelle. La carne \u00e8 soda, perch\u00e9 il pollo \u00e8 stato libero e felice fino al suo ultimo giorno di vita. Non bisogna mai dimenticare che la carne di pollo troppo tenera \u00e8 indice di un pollo di mediocre qualit\u00e0. Il pollo viene bollito in brodo, e rimane molto saporito. La gelatina di clorofilla aggiunge una nota di freschezza. La salsa verde \u00e8 ben equilibrata. L&#8217;abbinamento al Franciacorta Berlucchi &#8217;61 Brut Nature Millesimato 2009? Interessante!\u00a0Sicuramente questo fingerfood non \u00e8 il suo abbinamento ottimale. Troppo saporito il cibo, troppo delicato il vino. Piacevole nel complesso, la bollicina cremosa e persistente pulisce la bocca perfettamente.<\/p>\n<p><img loading=\"lazy\" decoding=\"async\" class=\"aligncenter size-full wp-image-4679\" src=\"https:\/\/perlagesuite.com\/wp-content\/uploads\/2016\/09\/guido-berlucchi-chef-stefano-cerveni-festival-franciacorta.jpg\" alt=\"guido berlucchi stefano cerveni\" width=\"1200\" height=\"800\" srcset=\"https:\/\/perlagesuite.com\/wp-content\/uploads\/2016\/09\/guido-berlucchi-chef-stefano-cerveni-festival-franciacorta.jpg 1080w, https:\/\/perlagesuite.com\/wp-content\/uploads\/2016\/09\/guido-berlucchi-chef-stefano-cerveni-festival-franciacorta-600x400.jpg 600w, https:\/\/perlagesuite.com\/wp-content\/uploads\/2016\/09\/guido-berlucchi-chef-stefano-cerveni-festival-franciacorta-300x200.jpg 300w, https:\/\/perlagesuite.com\/wp-content\/uploads\/2016\/09\/guido-berlucchi-chef-stefano-cerveni-festival-franciacorta-768x512.jpg 768w, https:\/\/perlagesuite.com\/wp-content\/uploads\/2016\/09\/guido-berlucchi-chef-stefano-cerveni-festival-franciacorta-1024x683.jpg 1024w, https:\/\/perlagesuite.com\/wp-content\/uploads\/2016\/09\/guido-berlucchi-chef-stefano-cerveni-festival-franciacorta-610x407.jpg 610w\" sizes=\"(max-width: 1200px) 100vw, 1200px\" \/><br \/>Ed ecco un&#8217;altra vista di questo delizioso fingerfood!<br \/><img loading=\"lazy\" decoding=\"async\" class=\"aligncenter size-full wp-image-4678\" src=\"https:\/\/perlagesuite.com\/wp-content\/uploads\/2016\/09\/chef-stefano-cerveni-due-colombe-stella-michelin.jpg\" alt=\"chef stefano cerveni due colombe\" width=\"1200\" height=\"800\" srcset=\"https:\/\/perlagesuite.com\/wp-content\/uploads\/2016\/09\/chef-stefano-cerveni-due-colombe-stella-michelin.jpg 1080w, https:\/\/perlagesuite.com\/wp-content\/uploads\/2016\/09\/chef-stefano-cerveni-due-colombe-stella-michelin-600x400.jpg 600w, https:\/\/perlagesuite.com\/wp-content\/uploads\/2016\/09\/chef-stefano-cerveni-due-colombe-stella-michelin-300x200.jpg 300w, https:\/\/perlagesuite.com\/wp-content\/uploads\/2016\/09\/chef-stefano-cerveni-due-colombe-stella-michelin-768x512.jpg 768w, https:\/\/perlagesuite.com\/wp-content\/uploads\/2016\/09\/chef-stefano-cerveni-due-colombe-stella-michelin-1024x683.jpg 1024w, https:\/\/perlagesuite.com\/wp-content\/uploads\/2016\/09\/chef-stefano-cerveni-due-colombe-stella-michelin-610x407.jpg 610w\" sizes=\"(max-width: 1200px) 100vw, 1200px\" \/><\/p>\n<p style=\"text-align: left;\">Finita la presentazione, inizia la visita a Palazzo Lana, luogo dove nel lontano 1955 il giovane e vulcanico enotecnico Franco Ziliani incontr\u00f2 un timido gentiluomo di campagna che suonava il suo amato pianoforte, Guido Berlucchi. Un incontro capace di modificare il destino di un territorio, e al di l\u00e0 del gusto, delle idee e delle convinzioni, un incontro di cui essere sempre grati spettatori. Per me che ho scelto di vivere in questa terra, di cui amo eleganza, cultura e modi, ma soprattutto di cui amo i vini, le cui espressioni migliori non hanno nulla da invidiare a Champagne, \u00e8 un incontro che mi ha portata a vivere qui. Almeno in questo periodo della mia vita. Prossimamente vedremo dove mi porter\u00e0 il cuore.<\/p>\n<p style=\"text-align: left;\">Palazzo Lana Berlucchi fu edificato nel Cinquecento sulle preesistenti strutture medievali dalla famiglia Lana de\u2019 Terzi, nobile casata di origini bergamasche da cui discendeva Guido Berlucchi.<\/p>\n<p><img loading=\"lazy\" decoding=\"async\" class=\"aligncenter size-full wp-image-4681\" src=\"https:\/\/perlagesuite.com\/wp-content\/uploads\/2016\/09\/palazzo-lana-berlucchi.jpg\" alt=\"guido berlucchi palazzo lana\" width=\"1200\" height=\"800\" srcset=\"https:\/\/perlagesuite.com\/wp-content\/uploads\/2016\/09\/palazzo-lana-berlucchi.jpg 1080w, https:\/\/perlagesuite.com\/wp-content\/uploads\/2016\/09\/palazzo-lana-berlucchi-600x400.jpg 600w, https:\/\/perlagesuite.com\/wp-content\/uploads\/2016\/09\/palazzo-lana-berlucchi-300x200.jpg 300w, https:\/\/perlagesuite.com\/wp-content\/uploads\/2016\/09\/palazzo-lana-berlucchi-768x512.jpg 768w, https:\/\/perlagesuite.com\/wp-content\/uploads\/2016\/09\/palazzo-lana-berlucchi-1024x683.jpg 1024w, https:\/\/perlagesuite.com\/wp-content\/uploads\/2016\/09\/palazzo-lana-berlucchi-610x407.jpg 610w\" sizes=\"(max-width: 1200px) 100vw, 1200px\" \/><\/p>\n<p style=\"text-align: left;\">Pomposo il salotto, con un grande camino e tanti affreschi. Ma l&#8217;ambiente che mi piace di pi\u00f9 \u00e8 la veranda che da sullo splendido giardino. Innanzitutto mi piacciono le grandi vetrate all&#8217;aperto, ma\u00a0\u00e8 il pianoforte antico che pi\u00f9 attira la mia attenzione. Per quanto io ami l&#8217;arredamento minimalista e moderno, Palazzo Lana \u00e8 un concentrato di antica bellezza.<\/p>\n<p><img loading=\"lazy\" decoding=\"async\" class=\"aligncenter size-full wp-image-4683\" src=\"https:\/\/perlagesuite.com\/wp-content\/uploads\/2016\/09\/guido-berlucchi-palazzo-lana.jpg\" alt=\"guido-berlucchi-palazzo-lana\" width=\"1200\" height=\"800\" srcset=\"https:\/\/perlagesuite.com\/wp-content\/uploads\/2016\/09\/guido-berlucchi-palazzo-lana.jpg 1080w, https:\/\/perlagesuite.com\/wp-content\/uploads\/2016\/09\/guido-berlucchi-palazzo-lana-600x400.jpg 600w, https:\/\/perlagesuite.com\/wp-content\/uploads\/2016\/09\/guido-berlucchi-palazzo-lana-300x200.jpg 300w, https:\/\/perlagesuite.com\/wp-content\/uploads\/2016\/09\/guido-berlucchi-palazzo-lana-768x512.jpg 768w, https:\/\/perlagesuite.com\/wp-content\/uploads\/2016\/09\/guido-berlucchi-palazzo-lana-1024x683.jpg 1024w, https:\/\/perlagesuite.com\/wp-content\/uploads\/2016\/09\/guido-berlucchi-palazzo-lana-610x407.jpg 610w\" sizes=\"(max-width: 1200px) 100vw, 1200px\" \/><\/p>\n<p style=\"text-align: left;\">Questa stanza \u00e8 davvero bellissima&#8230; un po&#8217; perch\u00e9 mi piace\u00a0giocare a biliardo (anche se non sono particolarmente brava), un po&#8217; perch\u00e9 mi piacciono molto i lampadari sul tavolo e le bilance \u00a0ai lati.<\/p>\n<p><img loading=\"lazy\" decoding=\"async\" class=\"aligncenter size-full wp-image-4684\" src=\"https:\/\/perlagesuite.com\/wp-content\/uploads\/2016\/09\/guido-berlucchi-palazzo-lana-biliardo.jpg\" alt=\"guido berlucchi palazzo lana berlucchi\" width=\"1200\" height=\"800\" srcset=\"https:\/\/perlagesuite.com\/wp-content\/uploads\/2016\/09\/guido-berlucchi-palazzo-lana-biliardo.jpg 1200w, https:\/\/perlagesuite.com\/wp-content\/uploads\/2016\/09\/guido-berlucchi-palazzo-lana-biliardo-600x400.jpg 600w, https:\/\/perlagesuite.com\/wp-content\/uploads\/2016\/09\/guido-berlucchi-palazzo-lana-biliardo-300x200.jpg 300w, https:\/\/perlagesuite.com\/wp-content\/uploads\/2016\/09\/guido-berlucchi-palazzo-lana-biliardo-768x512.jpg 768w, https:\/\/perlagesuite.com\/wp-content\/uploads\/2016\/09\/guido-berlucchi-palazzo-lana-biliardo-1024x683.jpg 1024w, https:\/\/perlagesuite.com\/wp-content\/uploads\/2016\/09\/guido-berlucchi-palazzo-lana-biliardo-610x407.jpg 610w, https:\/\/perlagesuite.com\/wp-content\/uploads\/2016\/09\/guido-berlucchi-palazzo-lana-biliardo-1080x720.jpg 1080w\" sizes=\"(max-width: 1200px) 100vw, 1200px\" \/><br \/>Dopo la stanza del biliardo si arriva in un&#8217;altra stanza molto curata, che era la prima volta che vedevo.<br \/><img loading=\"lazy\" decoding=\"async\" class=\"aligncenter size-full wp-image-4685\" src=\"https:\/\/perlagesuite.com\/wp-content\/uploads\/2016\/09\/palazzo-lana-berlucchi-borgonato.jpg\" alt=\"palazzo lana berlucchi borgonato\" width=\"1200\" height=\"800\" srcset=\"https:\/\/perlagesuite.com\/wp-content\/uploads\/2016\/09\/palazzo-lana-berlucchi-borgonato.jpg 1080w, https:\/\/perlagesuite.com\/wp-content\/uploads\/2016\/09\/palazzo-lana-berlucchi-borgonato-600x400.jpg 600w, https:\/\/perlagesuite.com\/wp-content\/uploads\/2016\/09\/palazzo-lana-berlucchi-borgonato-300x200.jpg 300w, https:\/\/perlagesuite.com\/wp-content\/uploads\/2016\/09\/palazzo-lana-berlucchi-borgonato-768x512.jpg 768w, https:\/\/perlagesuite.com\/wp-content\/uploads\/2016\/09\/palazzo-lana-berlucchi-borgonato-1024x683.jpg 1024w, https:\/\/perlagesuite.com\/wp-content\/uploads\/2016\/09\/palazzo-lana-berlucchi-borgonato-610x407.jpg 610w\" sizes=\"(max-width: 1200px) 100vw, 1200px\" \/><\/p>\n<p style=\"text-align: left;\">La stanza pi\u00f9 bella di Palazzo Lana Berlucchi per me \u00e8 la cucina! Toglierei solo la tovaglia e lascerei il nudo tavolo di legno, che lo trovo pi\u00f9 elegante. Mi piacciono tantissimo il lampadario alle pareti , i tegami appesi, il camino. Adoro anche l&#8217;affettatrice rossa *_* prima o poi in casa ne voglio una identica!<\/p>\n<p><img loading=\"lazy\" decoding=\"async\" class=\"aligncenter size-full wp-image-4686\" src=\"https:\/\/perlagesuite.com\/wp-content\/uploads\/2016\/09\/palazzo-lana-berlucchi-cucina.jpg\" alt=\"guido berlucchi palazzo lana cucina\" width=\"1200\" height=\"800\" srcset=\"https:\/\/perlagesuite.com\/wp-content\/uploads\/2016\/09\/palazzo-lana-berlucchi-cucina.jpg 1080w, https:\/\/perlagesuite.com\/wp-content\/uploads\/2016\/09\/palazzo-lana-berlucchi-cucina-600x400.jpg 600w, https:\/\/perlagesuite.com\/wp-content\/uploads\/2016\/09\/palazzo-lana-berlucchi-cucina-300x200.jpg 300w, https:\/\/perlagesuite.com\/wp-content\/uploads\/2016\/09\/palazzo-lana-berlucchi-cucina-768x512.jpg 768w, https:\/\/perlagesuite.com\/wp-content\/uploads\/2016\/09\/palazzo-lana-berlucchi-cucina-1024x683.jpg 1024w, https:\/\/perlagesuite.com\/wp-content\/uploads\/2016\/09\/palazzo-lana-berlucchi-cucina-610x407.jpg 610w\" sizes=\"(max-width: 1200px) 100vw, 1200px\" \/><\/p>\n<h2 style=\"text-align: center;\">Berlucchi &#8217;61 Brut Nature 2009 Franciacorta DOCG Millesimato<\/h2>\n<p style=\"text-align: left;\">Ora voglio spendere due parole sul Franciacorta DOCG Brut Nature 2009, in realt\u00e0 il vero protagonista di questa splendida giornata. Nasce dall&#8217;assemblaggio di due vitigni, lo Chardonnay (80%) e il Pinot Nero (20%), provenienti dai vigneti di propriet\u00e0 Arzelle, Rovere, San Carlo e Ragnoli; tutti ad alta densit\u00e0 d\u2019impianto (10.000 ceppi\/ettaro). \u00a0La vendemmia avviene nella seconda decade di agosto, nel nostro caso abbiamo degustato la vendemmia 2009. Viene prodotta 7.500 kg d\u2019uva per ettaro, con una resa in mosto del\u00a036% equivalente a 3.600 bottiglie a ettaro. Dopo la spremitura soffice e progressiva dei grappoli con frazionamento dei mosti, avviene la fermentazione alcolica in tini d&#8217;acciaio e successivamente si affinano le migliori parcelle in barrique di rovere, dove maturano per 6 mesi a contatto con i lieviti. La preparazione della cuv\u00e9e avviene nella primavera successiva alla vendemmia, esclusivamente con il 100% di vini dell\u2019annata (appunto \u00e8 un millesimato). Dopo la\u00a0seconda fermentazione in bottiglia,\u00a0affina successivamente sui lieviti per almeno 5 anni, seguito da altri 6 mesi dopo la sboccatura. Essendo un brut nature \u00e8 ovviamente non dosato.<\/p>\n<p style=\"text-align: left;\">L&#8217;ho trovato di un bellissimo giallo dorato intenso e brillante, con spuma abbondante e cremosa, con\u00a0una leggerissima corona e un perlage fine e persistente. Al naso \u00e8 delicato e complesso,\u00a0dove\u00a0note minerali, agrumate, di frutta a pasta bianca, erbe aromatiche si fondono in un elegante sentore di\u00a0crosta di pane. In bocca la spiccata acidit\u00e0 \u00e8 supportata da una struttura importante ed un&#8217;ottima persistenza e finezza. Molto equilibrato, l&#8217;ho trovato perfetto per un fingerfood in particolare dello Chef Stefano Cerveni, la tinca. La cremosit\u00e0 e la tendenza dolce della tinca contrapposte alla freschezza ed alla leggera salinit\u00e0\u00a0del Berlucchi\u00a0&#8217;61 Nature 2009 li ho trovati un abbinamento meraviglioso.<\/p>\n<p style=\"text-align: left;\">Il Franciacorta &#8217;61 Brut Nature 2009 \u00e8 un perfetto concentrato di equilibrio, dove le morbidezze e le durezze si sfumano l&#8217;una contro l&#8217;altra in un insieme che non \u00e8 mai troppo aggressivo o intenso, ma sempre molto presente.<\/p>\n<div class=\"page\" title=\"Page 1\"><\/div>\n<p><img loading=\"lazy\" decoding=\"async\" class=\"aligncenter size-full wp-image-4689\" src=\"https:\/\/perlagesuite.com\/wp-content\/uploads\/2016\/09\/guido-berlucchi-brut-nature-millesimato.jpg\" alt=\"guido berlucchi brut nature millesimato\" width=\"1200\" height=\"800\" srcset=\"https:\/\/perlagesuite.com\/wp-content\/uploads\/2016\/09\/guido-berlucchi-brut-nature-millesimato.jpg 1080w, https:\/\/perlagesuite.com\/wp-content\/uploads\/2016\/09\/guido-berlucchi-brut-nature-millesimato-600x400.jpg 600w, https:\/\/perlagesuite.com\/wp-content\/uploads\/2016\/09\/guido-berlucchi-brut-nature-millesimato-300x200.jpg 300w, https:\/\/perlagesuite.com\/wp-content\/uploads\/2016\/09\/guido-berlucchi-brut-nature-millesimato-768x512.jpg 768w, https:\/\/perlagesuite.com\/wp-content\/uploads\/2016\/09\/guido-berlucchi-brut-nature-millesimato-1024x683.jpg 1024w, https:\/\/perlagesuite.com\/wp-content\/uploads\/2016\/09\/guido-berlucchi-brut-nature-millesimato-610x407.jpg 610w\" sizes=\"(max-width: 1200px) 100vw, 1200px\" \/><\/p>\n<p style=\"text-align: left;\">E infine l&#8217;ultima foto, che visibilmente non \u00e8 stata scattata con la mia adorata Sony RX100M4 e si vede! Per carit\u00e0, l&#8217;iPhone 6 fa delle bellissime foto per essere uno smartphone, ma la qualit\u00e0 della macchina fotografica \u00e8 tutta un&#8217;altra cosa&#8230; quindi ancora un grazie alla Sony per avermi permesso di scattare questo bellissimo reportage con la RX100M4!<\/p>\n<p style=\"text-align: left;\">L&#8217;ultima foto \u00e8 un onore per me: essere in compagnia di Franco Ziliani, il padre del Franciacorta, non capita certo tutti i giorni! Brillante e giovanile come un ragazzino, a parlarci non sembra assolutamente avere 85 anni! L&#8217;ho incontrato nel cortile, mentre abbinava una fettina di salame al suo Franciacorta. Gentilissimo e alla mano, ci ha raccontato il suo Franciacorta con una passione e una dedizione che mi ha davvero colpita.<\/p>\n<p style=\"text-align: left;\">E, giustamente, ha fatto un&#8217;osservazione: non me ne vogliano i Sommelier di qualsiasi fazione, ma un vino o piace, o non piace. &#8220;Di cosa sa il suo vino, Ziliani?&#8221; La risposta spiazza: &#8220;I riconoscimenti? Cazzate. Il mio vino sa di Franciacorta!&#8221;<\/p>\n<p style=\"text-align: left;\">E come dargli torto? Il Franciacorta l&#8217;ha inventato lui.<\/p>\n<p style=\"text-align: left;\">A me \u00e8 piaciuto davvero.<\/p>\n<p><img loading=\"lazy\" decoding=\"async\" class=\"aligncenter size-full wp-image-4688\" src=\"https:\/\/perlagesuite.com\/wp-content\/uploads\/2016\/09\/franco-ziliani-berlucchi-chiara-bassi.jpg\" alt=\"guido berlucchi franco ziliani chiara bassi\" width=\"1200\" height=\"800\" srcset=\"https:\/\/perlagesuite.com\/wp-content\/uploads\/2016\/09\/franco-ziliani-berlucchi-chiara-bassi.jpg 1080w, https:\/\/perlagesuite.com\/wp-content\/uploads\/2016\/09\/franco-ziliani-berlucchi-chiara-bassi-600x400.jpg 600w, https:\/\/perlagesuite.com\/wp-content\/uploads\/2016\/09\/franco-ziliani-berlucchi-chiara-bassi-300x200.jpg 300w, https:\/\/perlagesuite.com\/wp-content\/uploads\/2016\/09\/franco-ziliani-berlucchi-chiara-bassi-768x512.jpg 768w, https:\/\/perlagesuite.com\/wp-content\/uploads\/2016\/09\/franco-ziliani-berlucchi-chiara-bassi-1024x683.jpg 1024w, https:\/\/perlagesuite.com\/wp-content\/uploads\/2016\/09\/franco-ziliani-berlucchi-chiara-bassi-610x407.jpg 610w\" sizes=\"(max-width: 1200px) 100vw, 1200px\" \/><\/p>\n<p style=\"text-align: left;\">Un ultimo grazie alla cara Francesca per avermi invitato e per aver condotto questa bellissima visita guidata: puntuale, veloce e mai noiosa\u00a0nonostante era la terza volta che visitavo la cantina. C&#8217;\u00e8 da dire che le cantine storiche di Guido Berlucchi sono talmente belle e cariche di storia che non stancano mai.<\/p>\n<p style=\"text-align: left;\">Ah, durante questo anno ho scritto altri articoli sulla Guido Berlucchi:<\/p>\n<ul style=\"text-align: left;\">\n<li><a href=\"https:\/\/perlagesuite.com\/berlucchi-fingerfood-e-deb-rose-bella-milano\/\">Berlucchi, fingerfood e Deb &amp; Rose: #BellaMilano<\/a><\/li>\n<li><a href=\"https:\/\/perlagesuite.com\/il-mercato-del-duomo-apre-berlucchi-franciacorta-lounge\/\">Il Mercato del Duomo di Milano &#8211; apre Berlucchi Franciacorta Lounge<\/a><\/li>\n<li><a href=\"https:\/\/perlagesuite.com\/christo-monte-isola-guido-berlucchi-e-il-festival-della-franciacorta\/\">Christo, Berlucchi e il Festival della Franciacorta (2015)<\/a><\/li>\n<\/ul>\n<p style=\"text-align: left;\">E tu sei stato al Festival della Franciacorta? Che cantine hai visitato?\u00a0\u00a0<i>?<\/i><i>?<\/i>?<\/p>\n<p>A presto,<br \/>Chiara<\/p>\n<\/div>\n<\/div>\n<\/div>\n<\/div>\n<\/div>\n<p>[\/et_pb_text][\/et_pb_column][\/et_pb_row][\/et_pb_section]<\/p>\n","protected":false},"excerpt":{"rendered":"<p>Sabato scorso, in occasione del Festival della Franciacorta d&#8217;Autunno, sono stata alla presentazione del nuovo Millesimato di Berlucchi abbinato ai tre fingerfood stellati dello Chef Stefano Cerveni del Ristorante Due Colombe di Borgonato di Corte Franca, 1 stella della Guida Michelin. Ho passato un sabato splendido, in un ambiente carico di ricordi&#8230; infatti come ogni [&hellip;]<\/p>\n","protected":false},"author":49,"featured_media":4668,"comment_status":"open","ping_status":"open","sticky":false,"template":"","format":"standard","meta":{"_et_pb_use_builder":"on","_et_pb_old_content":"<p style=\"text-align: justify;\">Sabato scorso, in occasione del Festival della Franciacorta d'Autunno, sono stata alla presentazione del nuovo Millesimato di <strong>Berlucchi<\/strong> abbinato ai tre fingerfood stellati dello <strong>Chef Stefano Cerveni del Ristorante Due Colombe di Borgonato di Corte Franca<\/strong>, 1 stella della Guida Michelin. Ho passato un sabato splendido, in un ambiente carico di ricordi... infatti come ogni sommelier anche io sono stata da <strong>Berlucchi<\/strong> per la cerimonia del diploma. Era il 27 novembre scorso...&nbsp;in un periodo della mia vita in cui sono stata particolarmente felice. Se ti va, leggi l'articolo del mio diploma <a href=\"http:\/\/perlagesuite.com\/finalmente-sommelier\/\"><strong><span style=\"text-decoration: underline;\">\"Finalmente Sommelier\" QUI<\/span><\/strong><\/a>.<\/p>\n<p style=\"text-align: justify;\">Prima di cominciare, voglio ringraziare ancora una volta l'ufficio stampa di Sony Italia per avermi messo a disposizione la splendida <a href=\"http:\/\/amzn.to\/2dda6cN\" target=\"_blank\" rel=\"noopener noreferrer\"><span style=\"text-decoration: underline;\"><strong>RX100M4<\/strong><\/span><\/a>, una fotocamera compatta con una qualit\u00e0 fotografica che non ti aspetti e che ho scelto in quanto perfetta per scattare foto in ambienti con bassa luminosit\u00e0 come le cantine vinicole. Perfetta per me insomma!&nbsp;&nbsp;<i>?<\/i><i>?<\/i>?<\/p>\n<p style=\"text-align: justify;\">E ora, benvenuto al Festival della Franciacorta della Guido Berlucchi!<\/p>\n<img class=\"aligncenter size-full wp-image-4666\" src=\"http:\/\/perlagesuite.com\/wp-content\/uploads\/2016\/09\/Guido-Berlucchi-Festival-Franciacorta-2016.jpg\" alt=\"guido berlucchi franciacorta\" width=\"1200\" height=\"800\">\n<h1 style=\"text-align: center;\">L'arrivo alla Guido Berlucchi<\/h1>\nL'evento cominciava alle 11:30, ma naturalmente non sono riuscita ad arrivare puntuale perch\u00e9 un simpaticone ha ben pensato di parcheggiare dietro alla mia macchina per poi andare a fare un giro al mercato di Lovere e l'ho dovuto aspettare pi\u00f9 di 20 minuti. &nbsp;Lo so, ho troppa pazienza... ma la prossima volta chiamo il carro attrezzi!!! Almeno il karma mi ha voluto bene e sono riuscita a parcheggiare proprio di fronte all'ingresso ;-)\n\nQuando sono arrivata sono stata accompagnata al gruppo di Francesca, che aveva appena iniziato a raccontare la storia della Guido Berlucchi nelle sue cantine storiche.\n\n<img class=\"aligncenter size-full wp-image-4667\" src=\"http:\/\/perlagesuite.com\/wp-content\/uploads\/2016\/09\/Guido-Berlucchi-Festival-Franciacorta-2016-cantine-storiche.jpg\" alt=\"guido berlucchi cantine storiche\" width=\"1200\" height=\"800\">\n<h1 style=\"text-align: center;\">Le cantine storiche della Berlucchi<\/h1>\n<p style=\"text-align: justify;\">Scavate 10 metri sotto terra alla fine del 1600, le cantine storiche della Guido Berlucchi hanno per me un fascino straordinario. Tutto \u00e8 curato, bello e suggestivo. Dalle pupitres di legno in cui avvengono i remuage dei Franciacorta Riserva, alle muffe sulle pareti, fino alla nicchia dove \u00e8 custodita l'ultima bottiglia del primo Franciacorta, annata 1961.<\/p>\n<img class=\"aligncenter size-full wp-image-4669\" src=\"http:\/\/perlagesuite.com\/wp-content\/uploads\/2016\/09\/guido-berlucchi-cantine-storiche-franciacorta.jpg\" alt=\"guido berlucchi cantine storiche franciacorta\" width=\"1200\" height=\"800\">\n\nQueste cantine storiche sono immense, ed \u00e8 davvero piacevole camminarci all'interno. Probabilmente farei i famosi 10.000 passi al giorno se potessi percorrerle ogni giorno! ;-)\n\nUna cosa che non ho mai fatto \u00e8 assaggiare il Franciacorta direttamente dalle botti... ecco, devo rimediare prima o poi!\n<p style=\"text-align: justify;\">Questa parte della cantina, vicina all'area dove Berlucchi mostra un filmato della sboccatura, \u00e8 quella che mi piace di pi\u00f9! Quest'area custodisce l'archivio storico della Guido Berlucchi, con le bottiglie in punta delle annate pi\u00f9 significative, conservate per valutarne l'evoluzione nel tempo. Ah, cosa darei per poter fare anche io questa valutazione!!! :-D<\/p>\n<img class=\"aligncenter size-full wp-image-4670\" src=\"http:\/\/perlagesuite.com\/wp-content\/uploads\/2016\/09\/guido-berlucchi-franciacorta.jpg\" alt=\"guido berlucchi franciacorta cantina\" width=\"1200\" height=\"800\">\n<p style=\"text-align: justify;\">Adoro la mia casa, il mio lago... ma anche questo potrebbe essere il mio ufficio ideale! Mi basta una botte come tavolino, la connessione internet, la mia sacra poltrona varier stokke, un album da disegno, una matita morbida e il mio computer! Ed \u00e8 anche fresco tutto l'anno... Beh ovviamente mi serve anche un calice da degustazione! A parte gli scherzi, \u00e8 un ambiente davvero meraviglioso e consiglio a tutti gli appassionati di vino di visitarlo almeno una volta nella vita!<\/p>\n<img class=\"aligncenter size-full wp-image-4671\" src=\"http:\/\/perlagesuite.com\/wp-content\/uploads\/2016\/09\/guido-berlucchi-franciacorta-cantina-storica.jpg\" alt=\"guido berlucchi cantine storiche franciacorta\" width=\"1200\" height=\"800\">\n<p style=\"text-align: justify;\">Finita la visita ci siamo trasferiti in giardino, dove Arturo Ziliani aveva appena iniziato a raccontarci il nuovo Brut Nature Millesimato 2009. Ero davvero curiosa di sentire come era nato questo nuovo prodotto in casa Berlucchi, ed ero altrettanto curiosa di provarlo con i fingerfood stellati dello Chef Stefano Cerveni. Arturo Ziliani \u00e8 un perfetto oratore ed \u00e8 sempre molto piacevole ascoltarlo.&nbsp;Credo che eravamo una cinquantina di persone ad ascoltarlo carichi di aspettativa! Il discorso si \u00e8 presto spostato sotto il portico, dove ci aspettava un aperitivo di salumi,&nbsp;formaggi e i primi calici di bollicine.<\/p>\n<img class=\"aligncenter size-full wp-image-4673\" src=\"http:\/\/perlagesuite.com\/wp-content\/uploads\/2016\/09\/guido-berlucchi-giardino-1.jpg\" alt=\"guido berlucchi franciacorta giardino\" width=\"1200\" height=\"800\">\n<div class=\"page\" title=\"Page 1\">\n<div class=\"layoutArea\">\n<div class=\"column\">\n<h1 style=\"text-align: center;\">La Patata Viola, il Gambero Rosso ed il Franciacorta (2008, rivisitato nel 2016)<\/h1>\n<p style=\"text-align: justify;\">Chef Stefano Cerveni mi ha raccontato che questo \u00e8 il piatto che lo ha reso famoso, e non stento a crederlo. La patata viola \u00e8 intrigante ed affascinante per natura, e qui \u00e8 lavorata alla perfezione. Il pur\u00e8 di patate viola non \u00e8 affatto grasso e sa davvero di patata viola. Ha una consistenza di una mousse, solo pi\u00f9 soda. Il gambero \u00e8 crudo, condito solo con un filo d'olio delicato. Il Franciacorta \u00e8 ridotto fino a diventare un burro da sgrassare con la bollicina. La nota croccante \u00e8 data dalle patate viola sopra il gambero crudo. Un piatto equilibrato, che avrei piacere di assaggiare con calma in modo da assaporarne ogni sfumatura. L'abbinamento con il Berlucchi '61 Brut Nature Millesimato 2009? Perfetto.<\/p>\n\n<\/div>\n<\/div>\n<\/div>\n<img class=\"aligncenter size-full wp-image-4675\" src=\"http:\/\/perlagesuite.com\/wp-content\/uploads\/2016\/09\/guido-berlucchi-stefano-cerveni-festival-franciacorta.jpg\" alt=\"guido berlucchi franciacorta stefano cerveni\" width=\"1200\" height=\"800\">\n<div class=\"page\" title=\"Page 1\">\n<div class=\"layoutArea\">\n<div class=\"column\">\n<h1 style=\"text-align: center;\">Tinca al Forno 2016<\/h1>\n<p style=\"text-align: justify;\">A mio avviso il fingerfood pi\u00f9 interessante di tutti. La tinca \u00e8 un pesce del nostro Lago d'Iseo che va molto in queste zone, per peccare un po' di grassezza e pesantezza. Questa rielaborazione l'ho trovata geniale e perfetta. Il ripieno della tinca diviene la \"crosticina\" croccante esterna. Il pesce diventa il cremoso ripieno. Forse sbaglio, ma mi \u00e8 sembrato di sentire una nota agrumata. Il sale Maldon completa il piatto e contrasta la tendenza dolce&nbsp;della Tinca. Bellissima l'idea di servirla in tre tocchetti. L'abbinamento con il Franciacorta Berlucchi '61 Brut Nature Millesimato 2009? Perfetto, perch\u00e9 sgrassa una Tinca che di per s\u00e9 non \u00e8 affatto grassa (il burro c'\u00e8 e si sente, ma come mi ha confermato lo Chef Stefano Cerveni \u00e8 in piccolissima quantit\u00e0), ma ha un sentore di burro che ben si sposa con questo Franciacorta. Inoltre il suo essere complesso ma non particolarmente intenso lo rende perfetto per non stroncare un piatto anch'esso molto delicato.<\/p>\n\n<\/div>\n<\/div>\n<\/div>\n<img class=\"aligncenter size-full wp-image-4676\" src=\"http:\/\/perlagesuite.com\/wp-content\/uploads\/2016\/09\/guido-berlucchi-chef-stefano-cerveni.jpg\" alt=\"guido berlucchi chef cervini\" width=\"1200\" height=\"800\">\n\nEcco un'altra vista in cui apprezzare il talento dello Chef Stefano Cerveni nella presentazione del piatto.\n\n<img class=\"aligncenter size-full wp-image-4677\" src=\"http:\/\/perlagesuite.com\/wp-content\/uploads\/2016\/09\/chef-stefano-cerveni-due-colombe-michelin.jpg\" alt=\"chef stefano cerveni due colombe\" width=\"1200\" height=\"800\">\n<h1 style=\"text-align: center;\">Insalata di pollo franciacortino<\/h1>\n<p style=\"text-align: justify;\">Deliziosa! Amo molto questa cucina che non butta via niente, a parte le ossa naturalmente! Qui il pollo \u00e8 usato tutto, dalla carne alla pelle. La carne \u00e8 soda, perch\u00e9 il pollo \u00e8 stato libero e felice fino al suo ultimo giorno di vita. Non bisogna mai dimenticare che la carne di pollo troppo tenera \u00e8 indice di un pollo di mediocre qualit\u00e0. Il pollo viene bollito in brodo, e rimane molto saporito. La gelatina di clorofilla aggiunge una nota di freschezza. La salsa verde \u00e8 ben equilibrata. L'abbinamento al Franciacorta Berlucchi '61 Brut Nature Millesimato 2009? Interessante!&nbsp;Sicuramente questo fingerfood non \u00e8 il suo abbinamento ottimale. Troppo saporito il cibo, troppo delicato il vino. Piacevole nel complesso, la bollicina cremosa e persistente pulisce la bocca perfettamente.<\/p>\n<img class=\"aligncenter size-full wp-image-4679\" src=\"http:\/\/perlagesuite.com\/wp-content\/uploads\/2016\/09\/guido-berlucchi-chef-stefano-cerveni-festival-franciacorta.jpg\" alt=\"guido berlucchi stefano cerveni\" width=\"1200\" height=\"800\">\n\nEd ecco un'altra vista di questo delizioso fingerfood!\n\n<img class=\"aligncenter size-full wp-image-4678\" src=\"http:\/\/perlagesuite.com\/wp-content\/uploads\/2016\/09\/chef-stefano-cerveni-due-colombe-stella-michelin.jpg\" alt=\"chef stefano cerveni due colombe\" width=\"1200\" height=\"800\">\n<p style=\"text-align: justify;\">Finita la presentazione, inizia la visita a Palazzo Lana, luogo dove nel lontano 1955 il giovane e vulcanico enotecnico Franco Ziliani incontr\u00f2 un timido gentiluomo di campagna che suonava il suo amato pianoforte, Guido Berlucchi. Un incontro capace di modificare il destino di un territorio, e al di l\u00e0 del gusto, delle idee e delle convinzioni, un incontro di cui essere sempre grati spettatori. Per me che ho scelto di vivere in questa terra, di cui amo eleganza, cultura e modi, ma soprattutto di cui amo i vini, le cui espressioni migliori non hanno nulla da invidiare a Champagne, \u00e8 un incontro che mi ha portata a vivere qui. Almeno in questo periodo della mia vita. Prossimamente vedremo dove mi porter\u00e0 il cuore.<\/p>\n<p style=\"text-align: justify;\">Palazzo Lana Berlucchi fu edificato nel Cinquecento sulle preesistenti strutture medievali dalla famiglia Lana de\u2019 Terzi, nobile casata di origini bergamasche da cui discendeva Guido Berlucchi.<\/p>\n<img class=\"aligncenter size-full wp-image-4681\" src=\"http:\/\/perlagesuite.com\/wp-content\/uploads\/2016\/09\/palazzo-lana-berlucchi.jpg\" alt=\"guido berlucchi palazzo lana\" width=\"1200\" height=\"800\">\n<p style=\"text-align: justify;\">Pomposo il salotto, con un grande camino e tanti affreschi. Ma l'ambiente che mi piace di pi\u00f9 \u00e8 la veranda che da sullo splendido giardino. Innanzitutto mi piacciono le grandi vetrate all'aperto, ma&nbsp;\u00e8 il pianoforte antico che pi\u00f9 attira la mia attenzione. Per quanto io ami l'arredamento minimalista e moderno, Palazzo Lana \u00e8 un concentrato di antica bellezza.<\/p>\n<img class=\"aligncenter size-full wp-image-4683\" src=\"http:\/\/perlagesuite.com\/wp-content\/uploads\/2016\/09\/guido-berlucchi-palazzo-lana.jpg\" alt=\"guido-berlucchi-palazzo-lana\" width=\"1200\" height=\"800\">\n<p style=\"text-align: justify;\">Questa stanza \u00e8 davvero bellissima... un po' perch\u00e9 mi piace&nbsp;giocare a biliardo (anche se non sono particolarmente brava), un po' perch\u00e9 mi piacciono molto i lampadari sul tavolo e le bilance &nbsp;ai lati.<\/p>\n<img class=\"aligncenter size-full wp-image-4684\" src=\"http:\/\/perlagesuite.com\/wp-content\/uploads\/2016\/09\/guido-berlucchi-palazzo-lana-biliardo.jpg\" alt=\"guido berlucchi palazzo lana berlucchi\" width=\"1200\" height=\"800\">\n\nDopo la stanza del biliardo si arriva in un'altra stanza molto curata, che era la prima volta che vedevo.\n\n<img class=\"aligncenter size-full wp-image-4685\" src=\"http:\/\/perlagesuite.com\/wp-content\/uploads\/2016\/09\/palazzo-lana-berlucchi-borgonato.jpg\" alt=\"palazzo lana berlucchi borgonato\" width=\"1200\" height=\"800\">\n<p style=\"text-align: justify;\">La stanza pi\u00f9 bella di Palazzo Lana Berlucchi per me \u00e8 la cucina! Toglierei solo la tovaglia e lascerei il nudo tavolo di legno, che lo trovo pi\u00f9 elegante. Mi piacciono tantissimo il lampadario alle pareti , i tegami appesi, il camino. Adoro anche l'affettatrice rossa *_* prima o poi in casa ne voglio una identica!<\/p>\n<img class=\"aligncenter size-full wp-image-4686\" src=\"http:\/\/perlagesuite.com\/wp-content\/uploads\/2016\/09\/palazzo-lana-berlucchi-cucina.jpg\" alt=\"guido berlucchi palazzo lana cucina\" width=\"1200\" height=\"800\">\n<h1 style=\"text-align: center;\">Berlucchi '61 Brut Nature 2009 Franciacorta DOCG Millesimato<\/h1>\n<p style=\"text-align: justify;\">Ora voglio spendere due parole sul Franciacorta DOCG Brut Nature 2009, in realt\u00e0 il vero protagonista di questa splendida giornata. Nasce dall'assemblaggio di due vitigni, lo Chardonnay (80%) e il Pinot Nero (20%), provenienti dai vigneti di propriet\u00e0 Arzelle, Rovere, San Carlo e Ragnoli; tutti ad alta densit\u00e0 d\u2019impianto (10.000 ceppi\/ettaro). &nbsp;La vendemmia avviene nella seconda decade di agosto, nel nostro caso abbiamo degustato la vendemmia 2009. Viene prodotta 7.500 kg d\u2019uva per ettaro, con una resa in mosto del&nbsp;36% equivalente a 3.600 bottiglie a ettaro. Dopo la spremitura soffice e progressiva dei grappoli con frazionamento dei mosti, avviene la fermentazione alcolica in tini d'acciaio e successivamente si affinano le migliori parcelle in barrique di rovere, dove maturano per 6 mesi a contatto con i lieviti. La preparazione della cuv\u00e9e avviene nella primavera successiva alla vendemmia, esclusivamente con il 100% di vini dell\u2019annata (appunto \u00e8 un millesimato). Dopo la&nbsp;seconda fermentazione in bottiglia,&nbsp;affina successivamente sui lieviti per almeno 5 anni, seguito da altri 6 mesi dopo la sboccatura. Essendo un brut nature \u00e8 ovviamente non dosato.<\/p>\n<p style=\"text-align: justify;\">L'ho trovato di un bellissimo giallo dorato intenso e brillante, con spuma abbondante e cremosa, con&nbsp;una leggerissima corona e un perlage fine e persistente. Al naso \u00e8 delicato e complesso,&nbsp;dove&nbsp;note minerali, agrumate, di frutta a pasta bianca, erbe aromatiche si fondono in un elegante sentore di&nbsp;crosta di pane. In bocca la spiccata acidit\u00e0 \u00e8 supportata da una struttura importante ed un'ottima persistenza e finezza. Molto equilibrato, l'ho trovato perfetto per un fingerfood in particolare dello Chef Stefano Cerveni, la tinca. La cremosit\u00e0 e la tendenza dolce della tinca contrapposte alla freschezza ed alla leggera salinit\u00e0&nbsp;del Berlucchi&nbsp;'61 Nature 2009 li ho trovati un abbinamento meraviglioso.<\/p>\n<p style=\"text-align: justify;\">Il Franciacorta '61 Brut Nature 2009 \u00e8 un perfetto concentrato di equilibrio, dove le morbidezze e le durezze si sfumano l'una contro l'altra in un insieme che non \u00e8 mai troppo aggressivo o intenso, ma sempre molto presente.<\/p>\n\n<div class=\"page\" title=\"Page 1\"><\/div>\n<img class=\"aligncenter size-full wp-image-4689\" src=\"http:\/\/perlagesuite.com\/wp-content\/uploads\/2016\/09\/guido-berlucchi-brut-nature-millesimato.jpg\" alt=\"guido berlucchi brut nature millesimato\" width=\"1200\" height=\"800\">\n<p style=\"text-align: justify;\">E infine l'ultima foto, che visibilmente non \u00e8 stata scattata con la mia adorata Sony RX100M4 e si vede! Per carit\u00e0, l'iPhone 6 fa delle bellissime foto per essere uno smartphone, ma la qualit\u00e0 della macchina fotografica \u00e8 tutta un'altra cosa... quindi ancora un grazie alla Sony per avermi permesso di scattare questo bellissimo reportage con la RX100M4!<\/p>\n<p style=\"text-align: justify;\">L'ultima foto \u00e8 un onore per me: essere in compagnia di Franco Ziliani, il padre del Franciacorta, non capita certo tutti i giorni! Brillante e giovanile come un ragazzino, a parlarci non sembra assolutamente avere 85 anni! L'ho incontrato nel cortile, mentre abbinava una fettina di salame al suo Franciacorta. Gentilissimo e alla mano, ci ha raccontato il suo Franciacorta con una passione e una dedizione che mi ha davvero colpita.<\/p>\n<p style=\"text-align: justify;\">E, giustamente, ha fatto un'osservazione: non me ne vogliano i Sommelier di qualsiasi fazione, ma un vino o piace, o non piace. \"Di cosa sa il suo vino, Ziliani?\" La risposta spiazza: \"I riconoscimenti? Cazzate. Il mio vino sa di Franciacorta!\"<\/p>\n<p style=\"text-align: justify;\">E come dargli torto? Il Franciacorta l'ha inventato lui.<\/p>\n<p style=\"text-align: justify;\">A me \u00e8 piaciuto davvero.<\/p>\n<img class=\"aligncenter size-full wp-image-4688\" src=\"http:\/\/perlagesuite.com\/wp-content\/uploads\/2016\/09\/franco-ziliani-berlucchi-chiara-bassi.jpg\" alt=\"guido berlucchi franco ziliani chiara bassi\" width=\"1200\" height=\"800\">\n<p style=\"text-align: justify;\">Un ultimo grazie alla cara Francesca per avermi invitato e per aver condotto questa bellissima visita guidata: puntuale, veloce e mai noiosa&nbsp;nonostante era la terza volta che visitavo la cantina. C'\u00e8 da dire che le cantine storiche di Guido Berlucchi sono talmente belle e cariche di storia che non stancano mai.<\/p>\n<p style=\"text-align: justify;\">Ah, durante questo anno ho scritto altri articoli sulla Guido Berlucchi:<\/p>\n\n<ul style=\"text-align: justify;\">\n \t<li><a href=\"http:\/\/perlagesuite.com\/berlucchi-fingerfood-e-deb-rose-bella-milano\/\">Berlucchi, fingerfood e Deb &amp; Rose: #BellaMilano<\/a><\/li>\n \t<li><a href=\"http:\/\/perlagesuite.com\/il-mercato-del-duomo-apre-berlucchi-franciacorta-lounge\/\">Il Mercato del Duomo di Milano - apre Berlucchi Franciacorta Lounge<\/a><\/li>\n \t<li><a href=\"http:\/\/perlagesuite.com\/christo-monte-isola-guido-berlucchi-e-il-festival-della-franciacorta\/\">Christo, Berlucchi e il Festival della Franciacorta (2015)<\/a><\/li>\n<\/ul>\n<p style=\"text-align: justify;\">E tu sei stato al Festival della Franciacorta? Che cantine hai visitato?&nbsp;&nbsp;<i>?<\/i><i>?<\/i>?<\/p>\nA presto,\n\nChiara","_et_gb_content_width":"2880","footnotes":""},"categories":[428,298],"tags":[316,337],"class_list":["post-4665","post","type-post","status-publish","format-standard","has-post-thumbnail","hentry","category-champagne-vini-spumanti","category-degustazioni","tag-franciacorta","tag-metodo-classico"],"yoast_head":"<!-- This site is optimized with the Yoast SEO Premium plugin v27.0 (Yoast SEO v27.4) - https:\/\/yoast.com\/product\/yoast-seo-premium-wordpress\/ -->\n<title>Festival della Franciacorta: Berlucchi presenta il nuovo millesimato<\/title>\n<meta name=\"description\" content=\"Sabato 17 settembre 2016, per il Festival della Franciacorta d&#039;Autunno, la cantina Guido Berlucchi ha presentato il nuovo Franciacorta &#039;61 Brut Nature 2009.\" \/>\n<meta name=\"robots\" content=\"index, follow, max-snippet:-1, max-image-preview:large, max-video-preview:-1\" \/>\n<link rel=\"canonical\" href=\"https:\/\/perlagesuite.com\/en\/festival-franciacorta-berlucchi-brut-nature\/\" \/>\n<meta property=\"og:locale\" content=\"en_GB\" \/>\n<meta property=\"og:type\" content=\"article\" \/>\n<meta property=\"og:title\" content=\"Festival della Franciacorta: Berlucchi presenta il Franciacorta Brut Nature\" \/>\n<meta property=\"og:description\" content=\"Sabato 17 settembre 2016, per il Festival della Franciacorta d&#039;Autunno, la cantina Guido Berlucchi ha presentato il nuovo Franciacorta &#039;61 Brut Nature 2009.\" \/>\n<meta property=\"og:url\" content=\"https:\/\/perlagesuite.com\/en\/festival-franciacorta-berlucchi-brut-nature\/\" \/>\n<meta property=\"og:site_name\" content=\"Perlage Suite\" \/>\n<meta property=\"article:publisher\" content=\"https:\/\/www.facebook.com\/chiarabassiperlagesuite\" \/>\n<meta property=\"article:published_time\" content=\"2016-09-23T12:03:50+00:00\" \/>\n<meta property=\"article:modified_time\" content=\"2022-11-04T18:01:54+00:00\" \/>\n<meta property=\"og:image\" content=\"https:\/\/perlagesuite.com\/wp-content\/uploads\/2016\/09\/guido-berlucchi-prima-bottiglia-franciacorta.jpg\" \/>\n\t<meta property=\"og:image:width\" content=\"1080\" \/>\n\t<meta property=\"og:image:height\" content=\"720\" \/>\n\t<meta property=\"og:image:type\" content=\"image\/jpeg\" \/>\n<meta name=\"author\" content=\"Chiara Bassi\" \/>\n<meta name=\"twitter:card\" content=\"summary_large_image\" \/>\n<meta name=\"twitter:creator\" content=\"@perlagesuite\" \/>\n<meta name=\"twitter:site\" content=\"@perlagesuite\" \/>\n<meta name=\"twitter:label1\" content=\"Written by\" \/>\n\t<meta name=\"twitter:data1\" content=\"Chiara Bassi\" \/>\n\t<meta name=\"twitter:label2\" content=\"Estimated reading time\" \/>\n\t<meta name=\"twitter:data2\" content=\"15 minutes\" \/>\n<script type=\"application\/ld+json\" class=\"yoast-schema-graph\">{\"@context\":\"https:\\\/\\\/schema.org\",\"@graph\":[{\"@type\":\"Article\",\"@id\":\"https:\\\/\\\/perlagesuite.com\\\/festival-franciacorta-berlucchi-brut-nature\\\/#article\",\"isPartOf\":{\"@id\":\"https:\\\/\\\/perlagesuite.com\\\/festival-franciacorta-berlucchi-brut-nature\\\/\"},\"author\":{\"name\":\"Chiara Bassi\",\"@id\":\"https:\\\/\\\/perlagesuite.com\\\/#\\\/schema\\\/person\\\/81b257517a1007c1a823318ac86c6013\"},\"headline\":\"Festival della Franciacorta: Berlucchi presenta il Franciacorta Brut Nature\",\"datePublished\":\"2016-09-23T12:03:50+00:00\",\"dateModified\":\"2022-11-04T18:01:54+00:00\",\"mainEntityOfPage\":{\"@id\":\"https:\\\/\\\/perlagesuite.com\\\/festival-franciacorta-berlucchi-brut-nature\\\/\"},\"wordCount\":2044,\"commentCount\":1,\"publisher\":{\"@id\":\"https:\\\/\\\/perlagesuite.com\\\/#organization\"},\"image\":{\"@id\":\"https:\\\/\\\/perlagesuite.com\\\/festival-franciacorta-berlucchi-brut-nature\\\/#primaryimage\"},\"thumbnailUrl\":\"https:\\\/\\\/perlagesuite.com\\\/wp-content\\\/uploads\\\/2016\\\/09\\\/guido-berlucchi-prima-bottiglia-franciacorta.jpg\",\"keywords\":[\"franciacorta\",\"metodo classico\"],\"articleSection\":[\"Champagne &amp; Spumanti\",\"Degustazioni\"],\"inLanguage\":\"en-GB\",\"potentialAction\":[{\"@type\":\"CommentAction\",\"name\":\"Comment\",\"target\":[\"https:\\\/\\\/perlagesuite.com\\\/festival-franciacorta-berlucchi-brut-nature\\\/#respond\"]}]},{\"@type\":\"WebPage\",\"@id\":\"https:\\\/\\\/perlagesuite.com\\\/festival-franciacorta-berlucchi-brut-nature\\\/\",\"url\":\"https:\\\/\\\/perlagesuite.com\\\/festival-franciacorta-berlucchi-brut-nature\\\/\",\"name\":\"Festival della Franciacorta: Berlucchi presenta il nuovo millesimato\",\"isPartOf\":{\"@id\":\"https:\\\/\\\/perlagesuite.com\\\/#website\"},\"primaryImageOfPage\":{\"@id\":\"https:\\\/\\\/perlagesuite.com\\\/festival-franciacorta-berlucchi-brut-nature\\\/#primaryimage\"},\"image\":{\"@id\":\"https:\\\/\\\/perlagesuite.com\\\/festival-franciacorta-berlucchi-brut-nature\\\/#primaryimage\"},\"thumbnailUrl\":\"https:\\\/\\\/perlagesuite.com\\\/wp-content\\\/uploads\\\/2016\\\/09\\\/guido-berlucchi-prima-bottiglia-franciacorta.jpg\",\"datePublished\":\"2016-09-23T12:03:50+00:00\",\"dateModified\":\"2022-11-04T18:01:54+00:00\",\"description\":\"Sabato 17 settembre 2016, per il Festival della Franciacorta d'Autunno, la cantina Guido Berlucchi ha presentato il nuovo Franciacorta '61 Brut Nature 2009.\",\"breadcrumb\":{\"@id\":\"https:\\\/\\\/perlagesuite.com\\\/festival-franciacorta-berlucchi-brut-nature\\\/#breadcrumb\"},\"inLanguage\":\"en-GB\",\"potentialAction\":[{\"@type\":\"ReadAction\",\"target\":[\"https:\\\/\\\/perlagesuite.com\\\/festival-franciacorta-berlucchi-brut-nature\\\/\"]}]},{\"@type\":\"ImageObject\",\"inLanguage\":\"en-GB\",\"@id\":\"https:\\\/\\\/perlagesuite.com\\\/festival-franciacorta-berlucchi-brut-nature\\\/#primaryimage\",\"url\":\"https:\\\/\\\/perlagesuite.com\\\/wp-content\\\/uploads\\\/2016\\\/09\\\/guido-berlucchi-prima-bottiglia-franciacorta.jpg\",\"contentUrl\":\"https:\\\/\\\/perlagesuite.com\\\/wp-content\\\/uploads\\\/2016\\\/09\\\/guido-berlucchi-prima-bottiglia-franciacorta.jpg\",\"width\":1080,\"height\":720,\"caption\":\"guido berlucchi prima bottiglia franciacorta\"},{\"@type\":\"BreadcrumbList\",\"@id\":\"https:\\\/\\\/perlagesuite.com\\\/festival-franciacorta-berlucchi-brut-nature\\\/#breadcrumb\",\"itemListElement\":[{\"@type\":\"ListItem\",\"position\":1,\"name\":\"Home\",\"item\":\"https:\\\/\\\/perlagesuite.com\\\/\"},{\"@type\":\"ListItem\",\"position\":2,\"name\":\"Festival della Franciacorta: Berlucchi presenta il Franciacorta Brut Nature\"}]},{\"@type\":\"WebSite\",\"@id\":\"https:\\\/\\\/perlagesuite.com\\\/#website\",\"url\":\"https:\\\/\\\/perlagesuite.com\\\/\",\"name\":\"Perlage Suite\",\"description\":\"Il Wine Blog di Chiara Bassi\",\"publisher\":{\"@id\":\"https:\\\/\\\/perlagesuite.com\\\/#organization\"},\"potentialAction\":[{\"@type\":\"SearchAction\",\"target\":{\"@type\":\"EntryPoint\",\"urlTemplate\":\"https:\\\/\\\/perlagesuite.com\\\/?s={search_term_string}\"},\"query-input\":{\"@type\":\"PropertyValueSpecification\",\"valueRequired\":true,\"valueName\":\"search_term_string\"}}],\"inLanguage\":\"en-GB\"},{\"@type\":\"Organization\",\"@id\":\"https:\\\/\\\/perlagesuite.com\\\/#organization\",\"name\":\"Chiara Bassi\",\"url\":\"https:\\\/\\\/perlagesuite.com\\\/\",\"logo\":{\"@type\":\"ImageObject\",\"inLanguage\":\"en-GB\",\"@id\":\"https:\\\/\\\/perlagesuite.com\\\/#\\\/schema\\\/logo\\\/image\\\/\",\"url\":\"https:\\\/\\\/perlagesuite.com\\\/wp-content\\\/uploads\\\/2022\\\/03\\\/Chiara-Bassi-sommelier-wine-blogger-logo.png\",\"contentUrl\":\"https:\\\/\\\/perlagesuite.com\\\/wp-content\\\/uploads\\\/2022\\\/03\\\/Chiara-Bassi-sommelier-wine-blogger-logo.png\",\"width\":512,\"height\":512,\"caption\":\"Chiara Bassi\"},\"image\":{\"@id\":\"https:\\\/\\\/perlagesuite.com\\\/#\\\/schema\\\/logo\\\/image\\\/\"},\"sameAs\":[\"https:\\\/\\\/www.facebook.com\\\/chiarabassiperlagesuite\",\"https:\\\/\\\/x.com\\\/perlagesuite\",\"https:\\\/\\\/www.instagram.com\\\/perlagesuite\\\/\"]},{\"@type\":\"Person\",\"@id\":\"https:\\\/\\\/perlagesuite.com\\\/#\\\/schema\\\/person\\\/81b257517a1007c1a823318ac86c6013\",\"name\":\"Chiara Bassi\",\"image\":{\"@type\":\"ImageObject\",\"inLanguage\":\"en-GB\",\"@id\":\"https:\\\/\\\/secure.gravatar.com\\\/avatar\\\/2d79bd9bb4582f8af9b4c76c8e21c46c1d0c1cde8dc9dc57cf739c0d296754d2?s=96&d=mm&r=g\",\"url\":\"https:\\\/\\\/secure.gravatar.com\\\/avatar\\\/2d79bd9bb4582f8af9b4c76c8e21c46c1d0c1cde8dc9dc57cf739c0d296754d2?s=96&d=mm&r=g\",\"contentUrl\":\"https:\\\/\\\/secure.gravatar.com\\\/avatar\\\/2d79bd9bb4582f8af9b4c76c8e21c46c1d0c1cde8dc9dc57cf739c0d296754d2?s=96&d=mm&r=g\",\"caption\":\"Chiara Bassi\"},\"sameAs\":[\"https:\\\/\\\/perlagesuite.com\"]}]}<\/script>\n<!-- \/ Yoast SEO Premium plugin. -->","yoast_head_json":{"title":"Franciacorta Festival: Berlucchi presents the new vintage","description":"On Saturday 17 September 2016, for the Autumn Franciacorta Festival, the Guido Berlucchi winery presented the new Franciacorta '61 Brut Nature 2009.","robots":{"index":"index","follow":"follow","max-snippet":"max-snippet:-1","max-image-preview":"max-image-preview:large","max-video-preview":"max-video-preview:-1"},"canonical":"https:\/\/perlagesuite.com\/en\/festival-franciacorta-berlucchi-brut-nature\/","og_locale":"en_GB","og_type":"article","og_title":"Festival della Franciacorta: Berlucchi presenta il Franciacorta Brut Nature","og_description":"Sabato 17 settembre 2016, per il Festival della Franciacorta d'Autunno, la cantina Guido Berlucchi ha presentato il nuovo Franciacorta '61 Brut Nature 2009.","og_url":"https:\/\/perlagesuite.com\/en\/festival-franciacorta-berlucchi-brut-nature\/","og_site_name":"Perlage Suite","article_publisher":"https:\/\/www.facebook.com\/chiarabassiperlagesuite","article_published_time":"2016-09-23T12:03:50+00:00","article_modified_time":"2022-11-04T18:01:54+00:00","og_image":[{"width":1080,"height":720,"url":"https:\/\/perlagesuite.com\/wp-content\/uploads\/2016\/09\/guido-berlucchi-prima-bottiglia-franciacorta.jpg","type":"image\/jpeg"}],"author":"Chiara Bassi","twitter_card":"summary_large_image","twitter_creator":"@perlagesuite","twitter_site":"@perlagesuite","twitter_misc":{"Written by":"Chiara Bassi","Estimated reading time":"15 minutes"},"schema":{"@context":"https:\/\/schema.org","@graph":[{"@type":"Article","@id":"https:\/\/perlagesuite.com\/festival-franciacorta-berlucchi-brut-nature\/#article","isPartOf":{"@id":"https:\/\/perlagesuite.com\/festival-franciacorta-berlucchi-brut-nature\/"},"author":{"name":"Chiara Bassi","@id":"https:\/\/perlagesuite.com\/#\/schema\/person\/81b257517a1007c1a823318ac86c6013"},"headline":"Festival della Franciacorta: Berlucchi presenta il Franciacorta Brut Nature","datePublished":"2016-09-23T12:03:50+00:00","dateModified":"2022-11-04T18:01:54+00:00","mainEntityOfPage":{"@id":"https:\/\/perlagesuite.com\/festival-franciacorta-berlucchi-brut-nature\/"},"wordCount":2044,"commentCount":1,"publisher":{"@id":"https:\/\/perlagesuite.com\/#organization"},"image":{"@id":"https:\/\/perlagesuite.com\/festival-franciacorta-berlucchi-brut-nature\/#primaryimage"},"thumbnailUrl":"https:\/\/perlagesuite.com\/wp-content\/uploads\/2016\/09\/guido-berlucchi-prima-bottiglia-franciacorta.jpg","keywords":["franciacorta","metodo classico"],"articleSection":["Champagne &amp; Spumanti","Degustazioni"],"inLanguage":"en-GB","potentialAction":[{"@type":"CommentAction","name":"Comment","target":["https:\/\/perlagesuite.com\/festival-franciacorta-berlucchi-brut-nature\/#respond"]}]},{"@type":"WebPage","@id":"https:\/\/perlagesuite.com\/festival-franciacorta-berlucchi-brut-nature\/","url":"https:\/\/perlagesuite.com\/festival-franciacorta-berlucchi-brut-nature\/","name":"Franciacorta Festival: Berlucchi presents the new vintage","isPartOf":{"@id":"https:\/\/perlagesuite.com\/#website"},"primaryImageOfPage":{"@id":"https:\/\/perlagesuite.com\/festival-franciacorta-berlucchi-brut-nature\/#primaryimage"},"image":{"@id":"https:\/\/perlagesuite.com\/festival-franciacorta-berlucchi-brut-nature\/#primaryimage"},"thumbnailUrl":"https:\/\/perlagesuite.com\/wp-content\/uploads\/2016\/09\/guido-berlucchi-prima-bottiglia-franciacorta.jpg","datePublished":"2016-09-23T12:03:50+00:00","dateModified":"2022-11-04T18:01:54+00:00","description":"On Saturday 17 September 2016, for the Autumn Franciacorta Festival, the Guido Berlucchi winery presented the new Franciacorta '61 Brut Nature 2009.","breadcrumb":{"@id":"https:\/\/perlagesuite.com\/festival-franciacorta-berlucchi-brut-nature\/#breadcrumb"},"inLanguage":"en-GB","potentialAction":[{"@type":"ReadAction","target":["https:\/\/perlagesuite.com\/festival-franciacorta-berlucchi-brut-nature\/"]}]},{"@type":"ImageObject","inLanguage":"en-GB","@id":"https:\/\/perlagesuite.com\/festival-franciacorta-berlucchi-brut-nature\/#primaryimage","url":"https:\/\/perlagesuite.com\/wp-content\/uploads\/2016\/09\/guido-berlucchi-prima-bottiglia-franciacorta.jpg","contentUrl":"https:\/\/perlagesuite.com\/wp-content\/uploads\/2016\/09\/guido-berlucchi-prima-bottiglia-franciacorta.jpg","width":1080,"height":720,"caption":"guido berlucchi prima bottiglia franciacorta"},{"@type":"BreadcrumbList","@id":"https:\/\/perlagesuite.com\/festival-franciacorta-berlucchi-brut-nature\/#breadcrumb","itemListElement":[{"@type":"ListItem","position":1,"name":"Home","item":"https:\/\/perlagesuite.com\/"},{"@type":"ListItem","position":2,"name":"Festival della Franciacorta: Berlucchi presenta il Franciacorta Brut Nature"}]},{"@type":"WebSite","@id":"https:\/\/perlagesuite.com\/#website","url":"https:\/\/perlagesuite.com\/","name":"Perlage Suite","description":"Chiara Bassi's Wine Blog","publisher":{"@id":"https:\/\/perlagesuite.com\/#organization"},"potentialAction":[{"@type":"SearchAction","target":{"@type":"EntryPoint","urlTemplate":"https:\/\/perlagesuite.com\/?s={search_term_string}"},"query-input":{"@type":"PropertyValueSpecification","valueRequired":true,"valueName":"search_term_string"}}],"inLanguage":"en-GB"},{"@type":"Organization","@id":"https:\/\/perlagesuite.com\/#organization","name":"Chiara Bassi","url":"https:\/\/perlagesuite.com\/","logo":{"@type":"ImageObject","inLanguage":"en-GB","@id":"https:\/\/perlagesuite.com\/#\/schema\/logo\/image\/","url":"https:\/\/perlagesuite.com\/wp-content\/uploads\/2022\/03\/Chiara-Bassi-sommelier-wine-blogger-logo.png","contentUrl":"https:\/\/perlagesuite.com\/wp-content\/uploads\/2022\/03\/Chiara-Bassi-sommelier-wine-blogger-logo.png","width":512,"height":512,"caption":"Chiara Bassi"},"image":{"@id":"https:\/\/perlagesuite.com\/#\/schema\/logo\/image\/"},"sameAs":["https:\/\/www.facebook.com\/chiarabassiperlagesuite","https:\/\/x.com\/perlagesuite","https:\/\/www.instagram.com\/perlagesuite\/"]},{"@type":"Person","@id":"https:\/\/perlagesuite.com\/#\/schema\/person\/81b257517a1007c1a823318ac86c6013","name":"Chiara Bassi","image":{"@type":"ImageObject","inLanguage":"en-GB","@id":"https:\/\/secure.gravatar.com\/avatar\/2d79bd9bb4582f8af9b4c76c8e21c46c1d0c1cde8dc9dc57cf739c0d296754d2?s=96&d=mm&r=g","url":"https:\/\/secure.gravatar.com\/avatar\/2d79bd9bb4582f8af9b4c76c8e21c46c1d0c1cde8dc9dc57cf739c0d296754d2?s=96&d=mm&r=g","contentUrl":"https:\/\/secure.gravatar.com\/avatar\/2d79bd9bb4582f8af9b4c76c8e21c46c1d0c1cde8dc9dc57cf739c0d296754d2?s=96&d=mm&r=g","caption":"Chiara Bassi"},"sameAs":["https:\/\/perlagesuite.com"]}]}},"_links":{"self":[{"href":"https:\/\/perlagesuite.com\/en\/wp-json\/wp\/v2\/posts\/4665","targetHints":{"allow":["GET"]}}],"collection":[{"href":"https:\/\/perlagesuite.com\/en\/wp-json\/wp\/v2\/posts"}],"about":[{"href":"https:\/\/perlagesuite.com\/en\/wp-json\/wp\/v2\/types\/post"}],"author":[{"embeddable":true,"href":"https:\/\/perlagesuite.com\/en\/wp-json\/wp\/v2\/users\/49"}],"replies":[{"embeddable":true,"href":"https:\/\/perlagesuite.com\/en\/wp-json\/wp\/v2\/comments?post=4665"}],"version-history":[{"count":0,"href":"https:\/\/perlagesuite.com\/en\/wp-json\/wp\/v2\/posts\/4665\/revisions"}],"wp:featuredmedia":[{"embeddable":true,"href":"https:\/\/perlagesuite.com\/en\/wp-json\/wp\/v2\/media\/4668"}],"wp:attachment":[{"href":"https:\/\/perlagesuite.com\/en\/wp-json\/wp\/v2\/media?parent=4665"}],"wp:term":[{"taxonomy":"category","embeddable":true,"href":"https:\/\/perlagesuite.com\/en\/wp-json\/wp\/v2\/categories?post=4665"},{"taxonomy":"post_tag","embeddable":true,"href":"https:\/\/perlagesuite.com\/en\/wp-json\/wp\/v2\/tags?post=4665"}],"curies":[{"name":"wp","href":"https:\/\/api.w.org\/{rel}","templated":true}]}}